{"id":18652,"date":"2024-07-14T12:44:25","date_gmt":"2024-07-14T10:44:25","guid":{"rendered":"https:\/\/back-on-track.eu\/?p=18652"},"modified":"2024-07-14T17:20:50","modified_gmt":"2024-07-14T15:20:50","slug":"nightjet-community-im-dialog-mit-der-oebb-ein-treffen-in-der-open-innovation-factory-in-wien","status":"publish","type":"post","link":"https:\/\/back-on-track.eu\/de\/nightjet-community-im-dialog-mit-der-oebb-ein-treffen-in-der-open-innovation-factory-in-wien\/","title":{"rendered":"Nightjet-Community im Dialog mit der \u00d6BB \u2013 Ein Treffen in der Open Innovation Factory in Wien"},"content":{"rendered":"\n<p><em>Back-on-Track Belgien, Deutschland und Schweiz, Foto: \u00d6BB \/ Lukas Bezila<\/em><\/p>\n\n\n\n<p>Der Nightjet der \u00d6sterreichischen Bundesbahnen (\u00d6BB) wird immer wieder diskutiert \u2013 auch in den sozialen Medien. Eine sehr engagierte Community hat sich gebildet, die nicht nur starkes Interesse am Produkt Nightjet zeigt, sondern auch kritisch ihre Meinung \u00e4u\u00dfert. Am 25. Juni wurden einige Mitglieder dieser Community von den \u00d6BB nach Wien in die Open Innovation Factory eingeladen. Unter den Teilnehmenden waren auch Mitglieder von Back-on-Track Belgien (u.a. Alexander Gomme), Deutschland (Patrick Neumann und David Prenninger) und der Schweiz (Sibylle Trenck-Germann).<\/p>\n\n\n\n<p><\/p>\n\n\n\n<h2 class=\"wp-block-heading has-medium-font-size\"><strong>Ziel des Treffens: Dialog und Feedback<\/strong><\/h2>\n\n\n\n<p>Die \u00d6BB m\u00f6chte mit der Nightjet-Community in einen offenen Dialog treten, deren Gedanken und Anregungen h\u00f6ren. Kurt Bauer, Leiter des \u00d6BB-Fernverkehrs, er\u00f6ffnete das Treffen mit einer Einf\u00fchrung zur Entstehungsgeschichte des Nightjets. Die \u00dcbernahme des Nachtzuggesch\u00e4fts von der Deutschen Bahn (DB) durch die \u00d6BB im Jahr 2015 innerhalb von nur 14 Monaten war ein beeindruckender Kraftakt.<\/p>\n\n\n\n<p>Bauer betonte besonders das Engagement der Mitarbeitenden der \u00d6BB sowie der Schweizerischen Bundesbahnen (SBB), ohne die dieser Erfolg nicht m\u00f6glich gewesen w\u00e4re. Die Frau eines \u00d6BB-Mitarbeiters hatte sogar eigenh\u00e4ndig die Kissen zur Einf\u00fchrung des Nightjets gen\u00e4ht, um die Kundinnen und Kunden bei der Premiere nicht zu entt\u00e4uschen.<\/p>\n\n\n\n<p>Die Schweizerischen Bundesbahnen \u00fcbernahmen das wirtschaftliche Risiko f\u00fcr den schweizerischen Teil der Strecken, die \u00d6sterreichen Bundesbahnen ihren Teil. Das zeigt, dass die Segmentierung des Risikos ein Beschleuniger f\u00fcr die Zusammenarbeit der Bahnen ist, respektive sein kann.<\/p>\n\n\n\n<p><\/p>\n\n\n\n<h2 class=\"wp-block-heading has-medium-font-size\"><strong>Aktuelle Entwicklungen und Herausforderungen<\/strong><\/h2>\n\n\n\n<p>Die Community wurde \u00fcber die aktuellen Entwicklungen und zuk\u00fcnftigen Pl\u00e4ne des Nightjets informiert. Dabei wurden auch die derzeitigen Qualit\u00e4tsprobleme offen thematisiert, die die \u00d6BB vor Herausforderungen stellen: So werden z.B. die Strecken Wien \u2013 Paris, Berlin \u2013 Paris und Berlin \u2013 Br\u00fcssel aufgrund umfangreicher Bauarbeiten vom 12. August bis 25. Oktober 2024 pausiert.&nbsp;<\/p>\n\n\n\n<p>Auch die Verbindungen M\u00fcnchen \u2013 Rom und Wien \u2013 Rom fallen mehrere Monate lang aus. Wegen einer Streckensperre in Italien k\u00f6nnen diese Nightjets vom 8. Juni bis 9. September 2024 leider nicht fahren und entfallen daher im gesamten Streckenverlauf, da keine alternativen Trassen zur Verf\u00fcgung stehen. Ab 10. September 2024 wird dann der Nightjet der neuen Generation mit mehr Komfort f\u00fcr Reisende auf der Strecke eingesetzt. Die Nightjets ab M\u00fcnchen \u00fcber Mailand nach La Spezia und ab Stuttgart \u00fcber M\u00fcnchen nach Venedig sind nicht von einer Streckensperre betroffen und weiterhin im Einsatz nach Italien.<\/p>\n\n\n\n<p>In Zukunft m\u00f6chten die \u00d6BB den Fokus auf Stabilit\u00e4t und Verbesserung der Produkt- und Service-Qualit\u00e4t legen und die Kapazit\u00e4t auf den bestehenden Strecken erh\u00f6hen.<\/p>\n\n\n\n<p><\/p>\n\n\n\n<h2 class=\"wp-block-heading has-medium-font-size\"><strong>Ideation Workshop: L\u00f6sungen gemeinsam erarbeiten<\/strong><\/h2>\n\n\n\n<p>Gemeinsam mit Mitarbeitenden der \u00d6BB aus der Innovationsabteilung und dem Produktmanagement f\u00fchrten die Teilnehmenden einen Ideation Workshop durch. In drei Gruppen sammelten und diskutierten sie das Feedback der Community zur Produkt- und Servicequalit\u00e4t des Nightjets. Es wurden viele aktuelle Probleme angesprochen: Was l\u00e4uft schief? Warum? Wie will man diese Probleme in den Griff bekommen? Welche Entscheidungen wurden getroffen und warum?<\/p>\n\n\n\n<figure class=\"wp-block-image size-large\"><a href=\"https:\/\/back-on-track.eu\/wp-content\/uploads\/2024\/07\/Nightjet-Community_03.jpg\"><img loading=\"lazy\" decoding=\"async\" width=\"1024\" height=\"682\" src=\"https:\/\/back-on-track.eu\/wp-content\/uploads\/2024\/07\/Nightjet-Community_03-1024x682.jpg\" alt=\"\" class=\"wp-image-18660\" srcset=\"https:\/\/back-on-track.eu\/wp-content\/uploads\/2024\/07\/Nightjet-Community_03-1024x682.jpg 1024w, https:\/\/back-on-track.eu\/wp-content\/uploads\/2024\/07\/Nightjet-Community_03-300x200.jpg 300w, https:\/\/back-on-track.eu\/wp-content\/uploads\/2024\/07\/Nightjet-Community_03-768x512.jpg 768w, https:\/\/back-on-track.eu\/wp-content\/uploads\/2024\/07\/Nightjet-Community_03-1536x1024.jpg 1536w, https:\/\/back-on-track.eu\/wp-content\/uploads\/2024\/07\/Nightjet-Community_03-930x620.jpg 930w, https:\/\/back-on-track.eu\/wp-content\/uploads\/2024\/07\/Nightjet-Community_03.jpg 2000w\" sizes=\"auto, (max-width: 1024px) 100vw, 1024px\" \/><\/a><\/figure>\n\n\n\n<p><em>Die Nightjet-Community und \u00d6BB-Mitarbeitende, Foto: \u00d6BB \/ Lukas Bezila<\/em><\/p>\n\n\n\n<h2 class=\"wp-block-heading has-medium-font-size\">Derzeit stehen folgende Herausforderungen im Fokus:<\/h2>\n\n\n\n<ul class=\"wp-block-list\">\n<li>Ausf\u00e4lle von Schlaf- und Liegewagen aufgrund von Reparaturma\u00dfnahmen<\/li>\n\n\n\n<li>Versp\u00e4tungen und Ausf\u00e4lle aufgrund von Baustellen und Rangierverboten<\/li>\n\n\n\n<li>Fehlende Werkst\u00e4tte an den jeweiligen Destinationen zur Reparatur von Defekten<\/li>\n\n\n\n<li>Verz\u00f6gerung der Auslieferung neuer Nightjets<\/li>\n\n\n\n<li>Regulationen im internationalen Bahnverkehr<\/li>\n\n\n\n<li>Probleme bei der Kundeninformation in Echtzeit<\/li>\n\n\n\n<li>Defizite in der Kundenfreundlichkeit des Servicepersonals<\/li>\n\n\n\n<li>Fehlende Infrastruktur wie Strom und Abwasser bei einigen europ\u00e4ischen Destinationen<\/li>\n\n\n\n<li>Netzvergr\u00f6\u00dferung in Zusammenarbeit mit Partnerbahnen<\/li>\n<\/ul>\n\n\n\n<p><\/p>\n\n\n\n<h2 class=\"wp-block-heading has-medium-font-size\"><strong>Politische Einfl\u00fcsse und internationale Zusammenarbeit<\/strong><\/h2>\n\n\n\n<p>Internationale politische Entwicklungen haben nach wie vor einen gro\u00dfen Einfluss auf Entscheidungen im Bahnsystem, auch beim Nightjet. Die \u00d6BB w\u00fcrden die SBB bei Nightjets auf der Strecke Z\u00fcrich \u2013 Barcelona unterst\u00fctzen. Hier m\u00fcsste die Schweiz vorangehen, welche unter dem Druck von politischen Interessen und Entscheidungen derzeit beim Thema Nachtzug ausgebremst wird.<\/p>\n\n\n\n<p><\/p>\n\n\n\n<h2 class=\"wp-block-heading has-medium-font-size\"><strong>Fazit und Follow-up<\/strong><\/h2>\n\n\n\n<p>Durch die Einladung der Community in die Open Innovation Factory zeigt die \u00d6BB ihre Bereitschaft, zuzuh\u00f6ren und gemeinsam L\u00f6sungen zu erarbeiten. Der Austausch war ein wichtiger Schritt, um die Qualit\u00e4t des Nightjets weiter zu verbessern und die W\u00fcnsche und Bed\u00fcrfnisse der Reisenden noch besser zu ber\u00fccksichtigen. Die \u00d6BB m\u00f6chten das Nightjet Community Meetup regelm\u00e4ssig durchf\u00fchren, um das Feedback der Community kontinuierlich abzuholen.<\/p>\n\n\n\n<p>Die Mitglieder von Back-on-Track sind hierzu herzlich eingeladen ihr Feedback in den jeweiligen Gruppen mitzuteilen.<\/p>\n\n\n\n<div class=\"wp-block-group is-nowrap is-layout-flex wp-container-core-group-is-layout-ad2f72ca wp-block-group-is-layout-flex\">\n<figure class=\"wp-block-gallery has-nested-images columns-default is-cropped wp-block-gallery-1 is-layout-flex wp-block-gallery-is-layout-flex\">\n<figure class=\"wp-block-image size-large\"><a href=\"https:\/\/back-on-track.eu\/wp-content\/uploads\/2024\/07\/Nightjet-Community_01.jpg\"><img loading=\"lazy\" decoding=\"async\" width=\"1024\" height=\"682\" data-id=\"18681\" src=\"https:\/\/back-on-track.eu\/wp-content\/uploads\/2024\/07\/Nightjet-Community_01-1024x682.jpg\" alt=\"\" class=\"wp-image-18681\" srcset=\"https:\/\/back-on-track.eu\/wp-content\/uploads\/2024\/07\/Nightjet-Community_01-1024x682.jpg 1024w, https:\/\/back-on-track.eu\/wp-content\/uploads\/2024\/07\/Nightjet-Community_01-300x200.jpg 300w, https:\/\/back-on-track.eu\/wp-content\/uploads\/2024\/07\/Nightjet-Community_01-768x512.jpg 768w, https:\/\/back-on-track.eu\/wp-content\/uploads\/2024\/07\/Nightjet-Community_01-1536x1024.jpg 1536w, https:\/\/back-on-track.eu\/wp-content\/uploads\/2024\/07\/Nightjet-Community_01-930x620.jpg 930w, https:\/\/back-on-track.eu\/wp-content\/uploads\/2024\/07\/Nightjet-Community_01.jpg 2000w\" sizes=\"auto, (max-width: 1024px) 100vw, 1024px\" \/><\/a><\/figure>\n\n\n\n<figure class=\"wp-block-image size-large\"><a href=\"https:\/\/back-on-track.eu\/wp-content\/uploads\/2024\/07\/Nightjet-Community_04-1.jpg\"><img loading=\"lazy\" decoding=\"async\" width=\"1024\" height=\"682\" data-id=\"18674\" src=\"https:\/\/back-on-track.eu\/wp-content\/uploads\/2024\/07\/Nightjet-Community_04-1-1024x682.jpg\" alt=\"\" class=\"wp-image-18674\" srcset=\"https:\/\/back-on-track.eu\/wp-content\/uploads\/2024\/07\/Nightjet-Community_04-1-1024x682.jpg 1024w, https:\/\/back-on-track.eu\/wp-content\/uploads\/2024\/07\/Nightjet-Community_04-1-300x200.jpg 300w, https:\/\/back-on-track.eu\/wp-content\/uploads\/2024\/07\/Nightjet-Community_04-1-768x512.jpg 768w, https:\/\/back-on-track.eu\/wp-content\/uploads\/2024\/07\/Nightjet-Community_04-1-1536x1024.jpg 1536w, https:\/\/back-on-track.eu\/wp-content\/uploads\/2024\/07\/Nightjet-Community_04-1-930x620.jpg 930w, https:\/\/back-on-track.eu\/wp-content\/uploads\/2024\/07\/Nightjet-Community_04-1.jpg 2000w\" sizes=\"auto, (max-width: 1024px) 100vw, 1024px\" \/><\/a><\/figure>\n<\/figure>\n<\/div>\n\n\n\n<p><\/p>\n\n\n\n<p><em>Impressionen vom Nightjet-Community Meetup, Foto: \u00d6BB \/ Lukas Bezila<\/em><\/p>\n","protected":false},"excerpt":{"rendered":"<p>Back-on-Track Belgien, Deutschland und Schweiz, Foto: \u00d6BB \/ Lukas Bezila Der Nightjet der \u00d6sterreichischen Bundesbahnen (\u00d6BB) wird immer wieder diskutiert \u2013 auch in den sozialen Medien. Eine sehr engagierte Community hat sich gebildet, die nicht nur starkes Interesse am Produkt Nightjet zeigt, sondern auch kritisch ihre Meinung \u00e4u\u00dfert. Am 25. Juni wurden einige Mitglieder dieser&hellip;&nbsp;<a href=\"https:\/\/back-on-track.eu\/de\/nightjet-community-im-dialog-mit-der-oebb-ein-treffen-in-der-open-innovation-factory-in-wien\/\" rel=\"bookmark\">Mehr lesen &raquo;<span class=\"screen-reader-text\">Nightjet-Community im Dialog mit der \u00d6BB \u2013 Ein Treffen in der Open Innovation Factory in Wien<\/span><\/a><\/p>\n","protected":false},"author":14,"featured_media":18696,"comment_status":"open","ping_status":"open","sticky":false,"template":"","format":"standard","meta":{"_acf_changed":false,"inline_featured_image":false,"neve_meta_sidebar":"","neve_meta_container":"","neve_meta_enable_content_width":"","neve_meta_content_width":0,"neve_meta_title_alignment":"","neve_meta_author_avatar":"","neve_post_elements_order":"","neve_meta_disable_header":"","neve_meta_disable_footer":"","neve_meta_disable_title":"","neve_meta_reading_time":"","_themeisle_gutenberg_block_has_review":false,"_ti_tpc_template_sync":false,"_ti_tpc_template_id":"","footnotes":""},"categories":[30,6],"tags":[127,126,128],"class_list":["post-18652","post","type-post","status-publish","format-standard","has-post-thumbnail","hentry","category-aktuell","category-unkategorisiert","tag-community","tag-nightjet-2","tag-oebb"],"acf":[],"_links":{"self":[{"href":"https:\/\/back-on-track.eu\/de\/wp-json\/wp\/v2\/posts\/18652","targetHints":{"allow":["GET"]}}],"collection":[{"href":"https:\/\/back-on-track.eu\/de\/wp-json\/wp\/v2\/posts"}],"about":[{"href":"https:\/\/back-on-track.eu\/de\/wp-json\/wp\/v2\/types\/post"}],"author":[{"embeddable":true,"href":"https:\/\/back-on-track.eu\/de\/wp-json\/wp\/v2\/users\/14"}],"replies":[{"embeddable":true,"href":"https:\/\/back-on-track.eu\/de\/wp-json\/wp\/v2\/comments?post=18652"}],"version-history":[{"count":17,"href":"https:\/\/back-on-track.eu\/de\/wp-json\/wp\/v2\/posts\/18652\/revisions"}],"predecessor-version":[{"id":28720,"href":"https:\/\/back-on-track.eu\/de\/wp-json\/wp\/v2\/posts\/18652\/revisions\/28720"}],"wp:featuredmedia":[{"embeddable":true,"href":"https:\/\/back-on-track.eu\/de\/wp-json\/wp\/v2\/media\/18696"}],"wp:attachment":[{"href":"https:\/\/back-on-track.eu\/de\/wp-json\/wp\/v2\/media?parent=18652"}],"wp:term":[{"taxonomy":"category","embeddable":true,"href":"https:\/\/back-on-track.eu\/de\/wp-json\/wp\/v2\/categories?post=18652"},{"taxonomy":"post_tag","embeddable":true,"href":"https:\/\/back-on-track.eu\/de\/wp-json\/wp\/v2\/tags?post=18652"}],"curies":[{"name":"wp","href":"https:\/\/api.w.org\/{rel}","templated":true}]}}