{"id":34326,"date":"2025-06-17T11:01:53","date_gmt":"2025-06-17T09:01:53","guid":{"rendered":"https:\/\/back-on-track.eu\/?p=34326"},"modified":"2025-06-17T11:49:04","modified_gmt":"2025-06-17T09:49:04","slug":"wie-kommt-man-ohne-fliegen-nach-sizilien","status":"publish","type":"post","link":"https:\/\/back-on-track.eu\/de\/wie-kommt-man-ohne-fliegen-nach-sizilien\/","title":{"rendered":"Uns gibt&#8217;s auch in echt"},"content":{"rendered":"\n<p><em>Hunderte guter Gespr\u00e4che an unseren St\u00e4nden in Berlin und Freiburg \u2013 und unsere Linienkarte ging weg wie warme Nachtzug-Semmeln.<\/em><\/p>\n\n\n<div class=\"wp-block-image\">\n<figure class=\"alignright size-full is-resized\"><a href=\"https:\/\/back-on-track.eu\/wp-content\/uploads\/2025\/06\/umweltfestival-berlin-back-on-track-2026-map.jpg\"><img loading=\"lazy\" decoding=\"async\" width=\"300\" height=\"818\" src=\"https:\/\/back-on-track.eu\/wp-content\/uploads\/2025\/06\/umweltfestival-berlin-back-on-track-2026-map.jpg\" alt=\"\" class=\"wp-image-34355\" style=\"width:210px\" srcset=\"https:\/\/back-on-track.eu\/wp-content\/uploads\/2025\/06\/umweltfestival-berlin-back-on-track-2026-map.jpg 300w, https:\/\/back-on-track.eu\/wp-content\/uploads\/2025\/06\/umweltfestival-berlin-back-on-track-2026-map-110x300.jpg 110w\" sizes=\"auto, (max-width: 300px) 100vw, 300px\" \/><\/a><\/figure>\n<\/div>\n\n\n<p>Im dritten Jahr in Folge war Back-on-Track Germany auf dem Berliner Umweltfestival pr\u00e4sent und erf\u00fcllt nebenbei auch den Vereinszweck laut Satzung: Die Verbraucherberatung macht uns zusammen mit der F\u00f6rderung des Umweltschutzes zu einer gemeinn\u00fctzigen Institution.&nbsp;<\/p>\n\n\n\n<p>Unser komplett ehrenamtliches Team erkl\u00e4rte vielen der 60.000 Besuchenden, was getan werden kann f\u00fcr mehr und komfortablere Nachtz\u00fcge, die auch Distanzen bis zu 1.500 Kilometer&nbsp;und mehr&nbsp;\u00fcberbr\u00fccken.&nbsp;Oft waren die Fragen auch ganz konkret im Hier und Jetzt: Wie kommt man ohne Flugzeug&nbsp;nach Sizilien&nbsp;(\u2192 direkter Nachtzug ab Mailand, siehe unsere <a href=\"https:\/\/back-on-track.eu\/de\/nachtzug-karte\/\" data-type=\"link\" data-id=\"https:\/\/back-on-track.eu\/de\/nachtzug-karte\/\">Karte aller Linien<\/a>)?&nbsp;Und nat\u00fcrlich&nbsp;haben wir auch erkl\u00e4rt, was unsere europaweite NGO bereits tut&nbsp;und wie wir wieder mehr Nachtz\u00fcge auf die Gleise bringen wollen (\u2192 <a href=\"https:\/\/back-on-track.eu\/de\/unsere-forderungen\/\">Positionspapier<\/a>).<\/p>\n\n\n\n<p>Und wenn uns ein Mitglied fragt: &#8222;K\u00f6nnt ihr mir Karten und Flyer schicken, dann mache ich einen Stand bei Students for Future in Freiburg?&#8220; &#8211; dann nehmen wir dieses Angebot nat\u00fcrlich dankend an und freuen uns riesig \u00fcber das Engagement sowie das Feedback danach:<\/p>\n\n\n\n<p><span class=\"highlight\"><em>&#8222;Wir hatten fast 5 Stunden durchgehend Besuch am Stand, es ergaben sich tolle Gespr\u00e4che zwischen jungen Menschen und der Generation, die noch mit dem Nachtzug nach Athen gefahren ist. Wir hatten auch Leute aus der Schweiz und Frankreich am Stand, die sehr interessiert waren. Gerade junge Menschen, die gerne mit dem Nachtzug reisen w\u00fcrden,&nbsp;wissen oft nicht, welche Linien es alles gibt oder dass man auch mit Interrail Nachtz\u00fcge nutzen kann. Also: Wir haben noch viel zu tun, und die Leute lieben das Thema.&#8220;<\/em><\/span><\/p>\n\n\n\n<p>Wer sich ebenfalls engagieren m\u00f6chte, oder eine prima Platz f\u00fcr unsere <a href=\"https:\/\/back-on-track.eu\/wp-content\/uploads\/2025\/06\/B-o-T_Flyer_A5_DE-LowRes.pdf\" data-type=\"link\" data-id=\"https:\/\/back-on-track.eu\/wp-content\/uploads\/2025\/06\/B-o-T_Flyer_A5_DE-LowRes.pdf\" target=\"_blank\" rel=\"noreferrer noopener\">Flyer<\/a> kennt \u2013 bitte&nbsp;gern melden.<\/p>\n\n\n\n<figure class=\"wp-block-image size-large\"><a href=\"https:\/\/back-on-track.eu\/wp-content\/uploads\/2025\/06\/students-for-future-Freiburg-2025.jpg\"><img loading=\"lazy\" decoding=\"async\" width=\"1024\" height=\"533\" src=\"https:\/\/back-on-track.eu\/wp-content\/uploads\/2025\/06\/students-for-future-Freiburg-2025-1024x533.jpg\" alt=\"\" class=\"wp-image-34347\" srcset=\"https:\/\/back-on-track.eu\/wp-content\/uploads\/2025\/06\/students-for-future-Freiburg-2025-1024x533.jpg 1024w, https:\/\/back-on-track.eu\/wp-content\/uploads\/2025\/06\/students-for-future-Freiburg-2025-300x156.jpg 300w, https:\/\/back-on-track.eu\/wp-content\/uploads\/2025\/06\/students-for-future-Freiburg-2025-768x400.jpg 768w, https:\/\/back-on-track.eu\/wp-content\/uploads\/2025\/06\/students-for-future-Freiburg-2025.jpg 1200w\" sizes=\"auto, (max-width: 1024px) 100vw, 1024px\" \/><\/a><\/figure>\n","protected":false},"excerpt":{"rendered":"<p>Hunderte guter Gespr\u00e4che an unseren St\u00e4nden in Berlin (Umweltfestival) und Freiburg (Students for Future ). Unsere Linienkarte ging weg wie warme Nachtzug-Semmeln, und immer wieder die Frage: Warum gibt&#8217;s nicht mehr Nachtz\u00fcge&#8230;?<\/p>\n","protected":false},"author":12,"featured_media":34336,"comment_status":"closed","ping_status":"open","sticky":false,"template":"","format":"standard","meta":{"_acf_changed":false,"inline_featured_image":false,"neve_meta_sidebar":"","neve_meta_container":"","neve_meta_enable_content_width":"","neve_meta_content_width":0,"neve_meta_title_alignment":"","neve_meta_author_avatar":"","neve_post_elements_order":"","neve_meta_disable_header":"","neve_meta_disable_footer":"","neve_meta_disable_title":"","neve_meta_reading_time":"","_themeisle_gutenberg_block_has_review":false,"_ti_tpc_template_sync":false,"_ti_tpc_template_id":"","footnotes":""},"categories":[30,6],"tags":[127],"class_list":["post-34326","post","type-post","status-publish","format-standard","has-post-thumbnail","hentry","category-aktuell","category-unkategorisiert","tag-community"],"acf":[],"_links":{"self":[{"href":"https:\/\/back-on-track.eu\/de\/wp-json\/wp\/v2\/posts\/34326","targetHints":{"allow":["GET"]}}],"collection":[{"href":"https:\/\/back-on-track.eu\/de\/wp-json\/wp\/v2\/posts"}],"about":[{"href":"https:\/\/back-on-track.eu\/de\/wp-json\/wp\/v2\/types\/post"}],"author":[{"embeddable":true,"href":"https:\/\/back-on-track.eu\/de\/wp-json\/wp\/v2\/users\/12"}],"replies":[{"embeddable":true,"href":"https:\/\/back-on-track.eu\/de\/wp-json\/wp\/v2\/comments?post=34326"}],"version-history":[{"count":9,"href":"https:\/\/back-on-track.eu\/de\/wp-json\/wp\/v2\/posts\/34326\/revisions"}],"predecessor-version":[{"id":34387,"href":"https:\/\/back-on-track.eu\/de\/wp-json\/wp\/v2\/posts\/34326\/revisions\/34387"}],"wp:featuredmedia":[{"embeddable":true,"href":"https:\/\/back-on-track.eu\/de\/wp-json\/wp\/v2\/media\/34336"}],"wp:attachment":[{"href":"https:\/\/back-on-track.eu\/de\/wp-json\/wp\/v2\/media?parent=34326"}],"wp:term":[{"taxonomy":"category","embeddable":true,"href":"https:\/\/back-on-track.eu\/de\/wp-json\/wp\/v2\/categories?post=34326"},{"taxonomy":"post_tag","embeddable":true,"href":"https:\/\/back-on-track.eu\/de\/wp-json\/wp\/v2\/tags?post=34326"}],"curies":[{"name":"wp","href":"https:\/\/api.w.org\/{rel}","templated":true}]}}