{"id":14978,"date":"2023-11-19T13:47:51","date_gmt":"2023-11-19T12:47:51","guid":{"rendered":"https:\/\/back-on-track.eu\/finally-on-track-obbs-next-generation-nightjet\/"},"modified":"2023-12-04T09:48:53","modified_gmt":"2023-12-04T08:48:53","slug":"la-nouvelle-generation-de-nightjet","status":"publish","type":"post","link":"https:\/\/back-on-track.eu\/fr\/la-nouvelle-generation-de-nightjet\/","title":{"rendered":"Enfin \u00ab on track \u00bb : La nouvelle g\u00e9n\u00e9ration de Nightjet de l&rsquo;\u00d6BB"},"content":{"rendered":"\n<p><strong>D\u00e9velopp\u00e9 depuis pr\u00e8s de dix ans et command\u00e9 en 2018, le \u00ab\u00a0Nightjet de la prochaine g\u00e9n\u00e9ration\u00a0\u00bb s&rsquo;appr\u00eate \u00e0 entamer sa premi\u00e8re liaison : Vienne &amp; Innsbruck vers Hambourg le 10 d\u00e9cembre 2023<\/strong>.<strong> Nous avons eu l&rsquo;occasion d&rsquo;exp\u00e9rimenter les conditions de sommeil en conditions r\u00e9elles lors d&rsquo;un voyage promotionnel de\/vers Vienne <strong>avec des arr\u00eats dans presque toutes les capitales des \u00c9tats autrichiens<\/strong> avec une<\/strong><strong> partie de<\/strong><strong> nuit<\/strong> <strong>entre Bregenz et Klagenfurt<\/strong>.<\/p>\n\n\n\n<h2 class=\"wp-block-heading\">Qu&rsquo;est-ce qu&rsquo;il y a de si sp\u00e9cial ?<\/h2>\n\n\n\n<p>Les traverses les plus \u00ab\u00a0r\u00e9centes\u00a0\u00bb actuellement en service datent de 2003 \u00e0 2006 (\u00ab\u00a0Comfortline\u00a0\u00bb WLABmz 173.1) &#8211; le nouveau mat\u00e9riel roulant \u00e9tait donc attendu depuis longtemps. La pand\u00e9mie et la guerre d&rsquo;agression russe ont interrompu les approvisionnements et provoqu\u00e9 un retard de livraison de pr\u00e8s de deux ans. Cela a rendu les op\u00e9rations de l&rsquo;\u00d6BB de plus en plus difficiles, car les trains \u00e9taient destin\u00e9s \u00e0 remplacer du vieux mat\u00e9riel roulant qu&rsquo;il \u00e9tait urgent de r\u00e9viser, voire de mettre au rebut. <\/p>\n\n\n\n<p>En outre, ce train de nuit est plus qu&rsquo;un simple train de nuit moderne. Le concept concr\u00e9tise tout un tas d&rsquo;id\u00e9es nouvelles sur la mani\u00e8re d&rsquo;exploiter les trains de nuit \u00e0 l&rsquo;avenir. Jetons un coup d&rsquo;\u0153il aux principales nouveaut\u00e9s :<\/p>\n\n\n\n<h3 class=\"wp-block-heading\">1. Un ensemble de pouss\u00e9e et de traction fixe<\/h3>\n\n\n\n<figure class=\"wp-block-image size-large is-resized\"><a href=\"https:\/\/back-on-track.eu\/wp-content\/uploads\/2023\/11\/CC-BY_Back-on-Track_eu_231113_nextGenNJ_-1-2.jpeg\"><img loading=\"lazy\" decoding=\"async\" width=\"1024\" height=\"704\" src=\"https:\/\/back-on-track.eu\/wp-content\/uploads\/2023\/11\/CC-BY_Back-on-Track_eu_231113_nextGenNJ_-1-2-1024x704.jpeg\" alt=\"\" class=\"wp-image-14960\" style=\"aspect-ratio:1.4545454545454546;width:819px;height:auto\" srcset=\"https:\/\/back-on-track.eu\/wp-content\/uploads\/2023\/11\/CC-BY_Back-on-Track_eu_231113_nextGenNJ_-1-2-1024x704.jpeg 1024w, https:\/\/back-on-track.eu\/wp-content\/uploads\/2023\/11\/CC-BY_Back-on-Track_eu_231113_nextGenNJ_-1-2-300x206.jpeg 300w, https:\/\/back-on-track.eu\/wp-content\/uploads\/2023\/11\/CC-BY_Back-on-Track_eu_231113_nextGenNJ_-1-2-768x528.jpeg 768w, https:\/\/back-on-track.eu\/wp-content\/uploads\/2023\/11\/CC-BY_Back-on-Track_eu_231113_nextGenNJ_-1-2.jpeg 1200w\" sizes=\"auto, (max-width: 1024px) 100vw, 1024px\" \/><\/a><\/figure>\n\n\n\n<p>T&rsquo;es-tu d\u00e9j\u00e0 r\u00e9veill\u00e9 dans un train de nuit parce qu&rsquo;il n&rsquo;avan\u00e7ait pas pendant un certain temps ? Ou par une secousse soudaine due aux man\u0153uvres ? L&rsquo;interruption du sommeil n&rsquo;est qu&rsquo;un des probl\u00e8mes de la man\u0153uvre des trains de nuit, l&rsquo;autre \u00e9tant que les locomotives de man\u0153uvre sont devenues une denr\u00e9e rare et co\u00fbteuse &#8211; la tendance \u00e9tant aux trains automoteurs \u00e0 unit\u00e9s multiples. <\/p>\n\n\n\n<p><strong>L&rsquo;id\u00e9e de la voiture de contr\u00f4le<\/strong><br>En installant un wagon de commande \u00e0 l&rsquo;extr\u00e9mit\u00e9 du nouveau Nightjet, \u00d6BB peut d\u00e9sormais inverser le sens de marche du train, de sorte que seul le conducteur du train doit passer de l&rsquo;autre c\u00f4t\u00e9 du train. Cela permet \u00e0 l&rsquo;op\u00e9rateur d&rsquo;\u00e9conomiser des co\u00fbts et du temps dans les nombreuses gares en cul-de-sac d&rsquo;Europe, telles que Munich, Zurich, Francfort, Milan, Rome et Venise (pour n&rsquo;en citer que quelques-unes). Cependant, la voiture de commande ne dispose pas encore d&rsquo;une licence d&rsquo;exploitation d\u00e9livr\u00e9e par l&rsquo;Agence ferroviaire europ\u00e9enne (ERA). C&rsquo;est pourquoi le train publicitaire a d\u00fb \u00eatre tir\u00e9 par une deuxi\u00e8me locomotive lorsqu&rsquo;il a tourn\u00e9 \u00e0 Bregenz. Croisons les doigts pour que l&rsquo;ERA donne le feu vert \u00e0 temps aux capacit\u00e9s d&rsquo;inversion des Nightjets.<\/p>\n\n\n\n<figure class=\"wp-block-gallery has-nested-images columns-default is-cropped wp-block-gallery-1 is-layout-flex wp-block-gallery-is-layout-flex\">\n<figure class=\"wp-block-image size-large\"><a href=\"https:\/\/back-on-track.eu\/wp-content\/uploads\/2023\/11\/steeringcar_IMG_6866-1.jpeg\"><img loading=\"lazy\" decoding=\"async\" width=\"640\" height=\"361\" data-id=\"14801\" src=\"https:\/\/back-on-track.eu\/wp-content\/uploads\/2023\/11\/steeringcar_IMG_6866-1.jpeg\" alt=\"\" class=\"wp-image-14801\" srcset=\"https:\/\/back-on-track.eu\/wp-content\/uploads\/2023\/11\/steeringcar_IMG_6866-1.jpeg 640w, https:\/\/back-on-track.eu\/wp-content\/uploads\/2023\/11\/steeringcar_IMG_6866-1-300x169.jpeg 300w\" sizes=\"auto, (max-width: 640px) 100vw, 640px\" \/><\/a><figcaption class=\"wp-element-caption\">La voiture directrice, destin\u00e9e \u00e0 \u00eatre pouss\u00e9e&#8230;<\/figcaption><\/figure>\n\n\n\n<figure class=\"wp-block-image size-large\"><a href=\"https:\/\/back-on-track.eu\/wp-content\/uploads\/2023\/11\/CC-BY_Back-on-Track_eu_231113_nextGenNJ_-1-1.jpeg\"><img loading=\"lazy\" decoding=\"async\" width=\"640\" height=\"360\" data-id=\"14807\" src=\"https:\/\/back-on-track.eu\/wp-content\/uploads\/2023\/11\/CC-BY_Back-on-Track_eu_231113_nextGenNJ_-1-1.jpeg\" alt=\"\" class=\"wp-image-14807\" srcset=\"https:\/\/back-on-track.eu\/wp-content\/uploads\/2023\/11\/CC-BY_Back-on-Track_eu_231113_nextGenNJ_-1-1.jpeg 640w, https:\/\/back-on-track.eu\/wp-content\/uploads\/2023\/11\/CC-BY_Back-on-Track_eu_231113_nextGenNJ_-1-1-300x169.jpeg 300w\" sizes=\"auto, (max-width: 640px) 100vw, 640px\" \/><\/a><figcaption class=\"wp-element-caption\">&#8230; sans l&rsquo;autorisation de l&rsquo;ERA pour \u00eatre tir\u00e9e par un deuxi\u00e8me moteur<\/figcaption><\/figure>\n<\/figure>\n\n\n\n<p><strong>Des articulations fixes au lieu d&rsquo;une composition libre<\/strong><br>Si tu cherches de toute fa\u00e7on \u00e0 \u00e9viter les man\u0153uvres, pourquoi inclure l&rsquo;option de l&rsquo;attelage ? De plus, le nouveau Nightjet est non seulement enti\u00e8rement climatis\u00e9 mais aussi r\u00e9sistant \u00e0 la pression, de sorte qu&rsquo;il peut \u00eatre utilis\u00e9 sur des lignes \u00e0 grande vitesse o\u00f9 le train pourrait rencontrer un train \u00e0 grande vitesse dans un tunnel. Les passerelles r\u00e9sistantes \u00e0 la pression sont co\u00fbteuses, et encore plus si elles doivent permettre le couplage.<\/p>\n\n\n\n<p><strong>Une flexibilit\u00e9 r\u00e9duite \u00e0 deux possibilit\u00e9s<\/strong><br>Avec cette rame fixe de 7 voitures, \u00d6BB peut proposer un train double de 14 voitures, optimis\u00e9 pour la longueur maximale de 400 m des trains de voyageurs et desservant jusqu&rsquo;\u00e0 508 passagers sur des lignes tr\u00e8s fr\u00e9quent\u00e9es. Ou simplement une unit\u00e9 unique de 7 voitures pouvant accueillir jusqu&rsquo;\u00e0 254 passagers, qui est connect\u00e9e \u00e0 une autre unit\u00e9 \u00e0 partir d&rsquo;un autre endroit sur (une partie de) l&rsquo;itin\u00e9raire &#8211; pour \u00e9conomiser les frais d&rsquo;acc\u00e8s \u00e0 la voie et un conducteur de locomotive en \u00e9quipe de nuit. L&rsquo;une des extr\u00e9mit\u00e9s offre une passerelle compatible avec le RIC, de sorte que le nouveau Nightjet peut toujours \u00eatre coupl\u00e9 avec un classique. <\/p>\n\n\n\n<p>La <strong>capacit\u00e9 par voiture a diminu\u00e9 de 29 %<\/strong> <br>Ce volume de passagers correspond \u00e0 peu pr\u00e8s \u00e0 la capacit\u00e9 d&rsquo;une composition Nightjet classique avec deux voitures-lits, deux voitures-couchettes et une voiture-si\u00e8ge. Cependant, il s&rsquo;agissait de 5 autocars, pour lesquels le nouveau Nightjet n\u00e9cessite d\u00e9sormais 7 autocars, ce qui r\u00e9duit la capacit\u00e9 par autocar d&rsquo;environ 30 % et augmente les \u00e9missions moyennes de CO2 par passager de 40 %. Mais m\u00eame avec 20 g\/km au lieu des 14 g\/km moyens, le train de nuit restera le mode de transport le plus durable.<\/p>\n\n\n\n<h3 class=\"wp-block-heading\">2. La toute nouvelle capsule (ou \u00ab mini-cabine \u00bb)<\/h3>\n\n\n\n<p>Oui, tu peux &#8211; dormir. Et c&rsquo;est \u00e0 toi d&rsquo;en tenir compte : L&rsquo;intimit\u00e9, mais seulement un m\u00e8tre carr\u00e9 environ. Un drap frais, une couverture, l&rsquo;habituel coussin super-mini. Les trains \u00e9tanches \u00e0 la pression s&rsquo;accompagnent toujours d&rsquo;une ventilation, que tu peux sentir si tu veux dans cette capsule. Les buses d&rsquo;air conditionn\u00e9 peuvent \u00eatre ouvertes\/ferm\u00e9es et dirig\u00e9es l\u00e0 o\u00f9 tu le souhaites. Le r\u00e9glage de la temp\u00e9rature n&rsquo;est cependant possible que pour toutes les capsules par ton steward. Le variateur de lumi\u00e8re\/la couleur de la lumi\u00e8re peuvent \u00eatre choisis, des symboles t&rsquo;informent si les toilettes sont libres. Une table mobile peut \u00eatre repli\u00e9e. La cabine et le casier fonctionnent avec ta carte-cl\u00e9 personnelle. Si tu te demandes pourquoi ton portable s&rsquo;est charg\u00e9 pendant la nuit : La magie op\u00e8re dans le chargeur \u00e0 induction, sinon tu peux recharger tes appareils sur 230V ou sur une prise USB.<\/p>\n\n\n\n<p>Deux capsules parall\u00e8les partagent une petite porte coulissante, une \u00ab\u00a0kiss door\u00a0\u00bb comme l&rsquo;appelle \u00d6BB, qui ne s&rsquo;ouvre que lorsque les deux c\u00f4t\u00e9s sont d\u00e9verrouill\u00e9s. Cette construction a un arri\u00e8re-plan de s\u00e9curit\u00e9 : en cas d&rsquo;\u00e9vacuation, cet espace est n\u00e9cessaire : Deux petites fen\u00eatres deviennent une sortie, car la partie centrale tombe vers l&rsquo;ext\u00e9rieur (pour celles du haut, une \u00e9chelle de corde est d\u00e9pli\u00e9e pour sortir en toute s\u00e9curit\u00e9, nous a-t-on dit). Sachant cela, tu te sentiras peut-\u00eatre mieux pour dormir dans une telle bo\u00eete.<\/p>\n\n\n\n<figure class=\"nv-cv-m wp-block-gallery has-nested-images columns-default is-cropped wp-block-gallery-2 is-layout-flex wp-block-gallery-is-layout-flex\">\n<figure class=\"wp-block-image size-large\"><a href=\"https:\/\/back-on-track.eu\/wp-content\/uploads\/2023\/11\/IMG_6981-1.jpeg\"><img loading=\"lazy\" decoding=\"async\" width=\"640\" height=\"640\" data-id=\"14733\" src=\"https:\/\/back-on-track.eu\/wp-content\/uploads\/2023\/11\/IMG_6981-1.jpeg\" alt=\"\" class=\"wp-image-14733\" srcset=\"https:\/\/back-on-track.eu\/wp-content\/uploads\/2023\/11\/IMG_6981-1.jpeg 640w, https:\/\/back-on-track.eu\/wp-content\/uploads\/2023\/11\/IMG_6981-1-300x300.jpeg 300w, https:\/\/back-on-track.eu\/wp-content\/uploads\/2023\/11\/IMG_6981-1-150x150.jpeg 150w\" sizes=\"auto, (max-width: 640px) 100vw, 640px\" \/><\/a><figcaption class=\"wp-element-caption\">90 cm de hauteur sous plafond, un peu plus en bas <\/figcaption><\/figure>\n\n\n\n<figure class=\"wp-block-image size-large\"><a href=\"https:\/\/back-on-track.eu\/wp-content\/uploads\/2023\/11\/capsulle_sq_IMG_6938.jpeg\"><img loading=\"lazy\" decoding=\"async\" width=\"640\" height=\"640\" data-id=\"14563\" src=\"https:\/\/back-on-track.eu\/wp-content\/uploads\/2023\/11\/capsulle_sq_IMG_6938.jpeg\" alt=\"\" class=\"wp-image-14563\" srcset=\"https:\/\/back-on-track.eu\/wp-content\/uploads\/2023\/11\/capsulle_sq_IMG_6938.jpeg 640w, https:\/\/back-on-track.eu\/wp-content\/uploads\/2023\/11\/capsulle_sq_IMG_6938-300x300.jpeg 300w, https:\/\/back-on-track.eu\/wp-content\/uploads\/2023\/11\/capsulle_sq_IMG_6938-150x150.jpeg 150w\" sizes=\"auto, (max-width: 640px) 100vw, 640px\" \/><\/a><figcaption class=\"wp-element-caption\">Table, 2 casiers (bagages \u00e0 main, chaussures)<\/figcaption><\/figure>\n\n\n\n<figure class=\"wp-block-image size-large\"><a href=\"https:\/\/back-on-track.eu\/wp-content\/uploads\/2023\/11\/IMG_6949.jpeg\"><img loading=\"lazy\" decoding=\"async\" width=\"640\" height=\"640\" data-id=\"14727\" src=\"https:\/\/back-on-track.eu\/wp-content\/uploads\/2023\/11\/IMG_6949.jpeg\" alt=\"\" class=\"wp-image-14727\" srcset=\"https:\/\/back-on-track.eu\/wp-content\/uploads\/2023\/11\/IMG_6949.jpeg 640w, https:\/\/back-on-track.eu\/wp-content\/uploads\/2023\/11\/IMG_6949-300x300.jpeg 300w, https:\/\/back-on-track.eu\/wp-content\/uploads\/2023\/11\/IMG_6949-150x150.jpeg 150w\" sizes=\"auto, (max-width: 640px) 100vw, 640px\" \/><\/a><figcaption class=\"wp-element-caption\">L&rsquo;acc\u00e8s est bas mais faisable.<\/figcaption><\/figure>\n\n\n\n<figure class=\"wp-block-image size-large\"><a href=\"https:\/\/back-on-track.eu\/wp-content\/uploads\/2023\/11\/IMG_6990-1.jpeg\"><img loading=\"lazy\" decoding=\"async\" width=\"640\" height=\"640\" data-id=\"14713\" src=\"https:\/\/back-on-track.eu\/wp-content\/uploads\/2023\/11\/IMG_6990-1.jpeg\" alt=\"\" class=\"wp-image-14713\" srcset=\"https:\/\/back-on-track.eu\/wp-content\/uploads\/2023\/11\/IMG_6990-1.jpeg 640w, https:\/\/back-on-track.eu\/wp-content\/uploads\/2023\/11\/IMG_6990-1-300x300.jpeg 300w, https:\/\/back-on-track.eu\/wp-content\/uploads\/2023\/11\/IMG_6990-1-150x150.jpeg 150w\" sizes=\"auto, (max-width: 640px) 100vw, 640px\" \/><\/a><figcaption class=\"wp-element-caption\">0,58 x 1,90 m. C&rsquo;est \u00e9troit.<\/figcaption><\/figure>\n\n\n\n<figure class=\"wp-block-image size-large\"><a href=\"https:\/\/back-on-track.eu\/wp-content\/uploads\/2023\/11\/IMG_6943-1.jpeg\"><img loading=\"lazy\" decoding=\"async\" width=\"640\" height=\"640\" data-id=\"14721\" src=\"https:\/\/back-on-track.eu\/wp-content\/uploads\/2023\/11\/IMG_6943-1.jpeg\" alt=\"\" class=\"wp-image-14721\" srcset=\"https:\/\/back-on-track.eu\/wp-content\/uploads\/2023\/11\/IMG_6943-1.jpeg 640w, https:\/\/back-on-track.eu\/wp-content\/uploads\/2023\/11\/IMG_6943-1-300x300.jpeg 300w, https:\/\/back-on-track.eu\/wp-content\/uploads\/2023\/11\/IMG_6943-1-150x150.jpeg 150w\" sizes=\"auto, (max-width: 640px) 100vw, 640px\" \/><\/a><figcaption class=\"wp-element-caption\">Ventilation. Si n\u00e9cessaire, dans ta face !<\/figcaption><\/figure>\n\n\n\n<figure class=\"wp-block-image size-large\"><a href=\"https:\/\/back-on-track.eu\/wp-content\/uploads\/2023\/11\/capsule_window_IMG_6941.jpeg\"><img loading=\"lazy\" decoding=\"async\" width=\"640\" height=\"640\" data-id=\"14557\" src=\"https:\/\/back-on-track.eu\/wp-content\/uploads\/2023\/11\/capsule_window_IMG_6941.jpeg\" alt=\"\" class=\"wp-image-14557\" srcset=\"https:\/\/back-on-track.eu\/wp-content\/uploads\/2023\/11\/capsule_window_IMG_6941.jpeg 640w, https:\/\/back-on-track.eu\/wp-content\/uploads\/2023\/11\/capsule_window_IMG_6941-300x300.jpeg 300w, https:\/\/back-on-track.eu\/wp-content\/uploads\/2023\/11\/capsule_window_IMG_6941-150x150.jpeg 150w\" sizes=\"auto, (max-width: 640px) 100vw, 640px\" \/><\/a><figcaption class=\"wp-element-caption\">Bonne vue depuis n&rsquo;importe quelle capsule.<\/figcaption><\/figure>\n<\/figure>\n\n\n\n<p> <\/p>\n\n\n\n<h3 class=\"wp-block-heading\">3. La Couchette non convertible <\/h3>\n\n\n\n<p>Si tu es un voyageur fr\u00e9quent de Nightjet, tu as peut-\u00eatre d\u00e9j\u00e0 fait l&rsquo;exp\u00e9rience des couchettes nouvelle g\u00e9n\u00e9ration de l&rsquo;\u00d6BB, car elles sont assez semblables au \u00ab\u00a0Liegewagen comfort\u00a0\u00bb r\u00e9nov\u00e9, o\u00f9 le panneau de commande fonctionne comme une veilleuse. Le\u00e7on apprise : Dans les Nightjets nouvellement construits, seul le symbole de la lumi\u00e8re reste allum\u00e9. <\/p>\n\n\n\n<p>Les compartiments \u00e0 4 couchettes sont livr\u00e9s avec un chargeur inductif mural pour les lits inf\u00e9rieurs, qui a \u00e9t\u00e9 sp\u00e9cifi\u00e9 il y a deux ans. Sais-tu quelle sera la taille des t\u00e9l\u00e9phones portables en 2026 ? &#8211; L&rsquo;appareil semble assez cher et ressemble \u00e0 un gaspillage d&rsquo;argent. Lorsque tu l&rsquo;utilises, tu dois faire attention \u00e0 ne pas rayer ton appareil car il y a deux ressorts cach\u00e9s dans les rails qui le poussent sur la surface d&rsquo;induction.<\/p>\n\n\n\n<p>Une grande innovation est la nouvelle table \u00ab\u00a0r\u00e9tractable\u00a0\u00bb, qui peut \u00eatre pouss\u00e9e vers le bas et qui, en combinaison avec un coussin de si\u00e8ge, sert d&rsquo;autre si\u00e8ge reliant les deux lits. Une solution parfaite pour les familles avec de jeunes enfants qui pr\u00e9f\u00e8rent dormir \u00e0 un angle de 90\u00b0 par rapport \u00e0 la t\u00eate de leurs parents. Nous pr\u00e9disons une longue dur\u00e9e de vie aux lits\/couchettes car tout comme dans le \u00ab\u00a0confort Liegewagen\u00a0\u00bb, le rembourrage est assez dur. <\/p>\n\n\n\n<p>Comme les capsules, les couchettes ont deux types de stores (un contre le soleil et un pour faire l&rsquo;obscurit\u00e9). Elles peuvent \u00e9galement \u00eatre ouvertes \u00e0 l&rsquo;aide de cartes-cl\u00e9s. Contrairement aux capsules, elles offrent un grand espace de rangement pour les bagages, m\u00eame pour les grosses valises, sous les lits inf\u00e9rieurs.<\/p>\n\n\n\n<figure class=\"nv-cv-m wp-block-gallery has-nested-images columns-default is-cropped wp-block-gallery-3 is-layout-flex wp-block-gallery-is-layout-flex\">\n<figure class=\"wp-block-image size-large\"><a href=\"https:\/\/back-on-track.eu\/wp-content\/uploads\/2023\/11\/IMG_6869-1.jpeg\"><img loading=\"lazy\" decoding=\"async\" width=\"1024\" height=\"576\" data-id=\"14739\" src=\"https:\/\/back-on-track.eu\/wp-content\/uploads\/2023\/11\/IMG_6869-1-1024x576.jpeg\" alt=\"\" class=\"wp-image-14739\" srcset=\"https:\/\/back-on-track.eu\/wp-content\/uploads\/2023\/11\/IMG_6869-1-1024x576.jpeg 1024w, https:\/\/back-on-track.eu\/wp-content\/uploads\/2023\/11\/IMG_6869-1-300x169.jpeg 300w, https:\/\/back-on-track.eu\/wp-content\/uploads\/2023\/11\/IMG_6869-1-768x432.jpeg 768w, https:\/\/back-on-track.eu\/wp-content\/uploads\/2023\/11\/IMG_6869-1.jpeg 1280w\" sizes=\"auto, (max-width: 1024px) 100vw, 1024px\" \/><\/a><figcaption class=\"wp-element-caption\">Mieux : Les couchettes sont pr\u00eates \u00e0 \u00eatre utilis\u00e9es pendant la journ\u00e9e sans transformation. Inconv\u00e9nient : Deux lits affectent moins les familles\/groupes et les prix<\/figcaption><\/figure>\n<\/figure>\n\n\n\n<figure class=\"nv-cv-d nv-cv-m wp-block-gallery has-nested-images columns-default is-cropped wp-block-gallery-4 is-layout-flex wp-block-gallery-is-layout-flex\">\n<figure class=\"wp-block-image size-large\"><a href=\"https:\/\/back-on-track.eu\/wp-content\/uploads\/2023\/11\/IMG_6922.jpeg\"><img loading=\"lazy\" decoding=\"async\" width=\"1024\" height=\"1024\" data-id=\"14751\" src=\"https:\/\/back-on-track.eu\/wp-content\/uploads\/2023\/11\/IMG_6922-1024x1024.jpeg\" alt=\"\" class=\"wp-image-14751\" srcset=\"https:\/\/back-on-track.eu\/wp-content\/uploads\/2023\/11\/IMG_6922-1024x1024.jpeg 1024w, https:\/\/back-on-track.eu\/wp-content\/uploads\/2023\/11\/IMG_6922-300x300.jpeg 300w, https:\/\/back-on-track.eu\/wp-content\/uploads\/2023\/11\/IMG_6922-150x150.jpeg 150w, https:\/\/back-on-track.eu\/wp-content\/uploads\/2023\/11\/IMG_6922-768x768.jpeg 768w, https:\/\/back-on-track.eu\/wp-content\/uploads\/2023\/11\/IMG_6922.jpeg 1280w\" sizes=\"auto, (max-width: 1024px) 100vw, 1024px\" \/><\/a><figcaption class=\"wp-element-caption\">Contrairement aux capsules, les couchettes permettent de r\u00e9gler la temp\u00e9rature<\/figcaption><\/figure>\n\n\n\n<figure class=\"wp-block-image size-large\"><a href=\"https:\/\/back-on-track.eu\/wp-content\/uploads\/2023\/11\/IMG_6868-1.jpeg\"><img loading=\"lazy\" decoding=\"async\" width=\"640\" height=\"640\" data-id=\"14745\" src=\"https:\/\/back-on-track.eu\/wp-content\/uploads\/2023\/11\/IMG_6868-1.jpeg\" alt=\"\" class=\"wp-image-14745\" srcset=\"https:\/\/back-on-track.eu\/wp-content\/uploads\/2023\/11\/IMG_6868-1.jpeg 640w, https:\/\/back-on-track.eu\/wp-content\/uploads\/2023\/11\/IMG_6868-1-300x300.jpeg 300w, https:\/\/back-on-track.eu\/wp-content\/uploads\/2023\/11\/IMG_6868-1-150x150.jpeg 150w\" sizes=\"auto, (max-width: 640px) 100vw, 640px\" \/><\/a><figcaption class=\"wp-element-caption\">Dossier, feutr\u00e9 de tous les c\u00f4t\u00e9s : A l&rsquo;air douillet, fait un mauvais si\u00e8ge<\/figcaption><\/figure>\n<\/figure>\n\n\n\n<p> <\/p>\n\n\n\n<h3 class=\"wp-block-heading\">4. Les couchettes &#8211; appartements avec salle de bain attenante<\/h3>\n\n\n\n<p>Lors de ce voyage, nous avons test\u00e9 les capsules (mini-cabine) et les voitures-couchettes, nous ne pouvons donc donner que nos impressions visuelles sur le wagon-lit. Avec le nouveau Nightjet, nous avons atteint un nouveau niveau de qualit\u00e9. Tous les compartiments couchettes ont d\u00e9sormais leur propre salle de bain. Ces salles de bains disposent m\u00eame d&rsquo;une douche, mais pas d&rsquo;une salle d&rsquo;eau s\u00e9par\u00e9e (sauf dans l&rsquo;un des neuf compartiments, que les \u00d6BB veulent vendre en classe \u00ab\u00a0Confort Plus\u00a0\u00bb \u00e0 un prix plus \u00e9lev\u00e9). Pour la plupart des passagers des wagons-lits, la douche se traduira donc par un sol mouill\u00e9, un d\u00e9couragement qui est peut-\u00eatre intentionnel. Une tonne d&rsquo;eau est transport\u00e9e dans un tel wagon, ce qui n&rsquo;est pas suffisant pour approvisionner vingt personnes prenant une longue douche en plus de tous leurs autres besoins en eau.<\/p>\n\n\n\n<p>La classe couchette simple des trains de nuit classiques, qui ne disposait que d&rsquo;un lavabo et d&rsquo;une douche commune en bout de wagon, a \u00e9t\u00e9 supprim\u00e9e. Trop peu de gens utilisent la douche commune &#8211; ce n&rsquo;est pas \u00e9tonnant, elle fonctionne rarement correctement, comme nous en avons fait l&rsquo;exp\u00e9rience dans les Nightjets classiques. Certains regretteront \u00e9galement la possibilit\u00e9 de combiner deux compartiments en un seul, comme c&rsquo;\u00e9tait le cas dans certaines voitures-couchettes classiques.<\/p>\n\n\n\n<p>Comme pour les voitures-couchettes, \u00d6BB a supprim\u00e9 le troisi\u00e8me lit superpos\u00e9 afin que les passagers puissent s&rsquo;asseoir debout sur le lit inf\u00e9rieur (ce qui permet d&rsquo;\u00e9conomiser la conversion de\/en exploitation diurne et donc de r\u00e9duire le besoin en personnel). Il s&rsquo;agit en fait d&rsquo;une sorte de lit inf\u00e9rieur et demi, car la surface d&rsquo;assise peut \u00eatre utilis\u00e9e dans deux directions diff\u00e9rentes. Cela pourrait permettre d&rsquo;accueillir des enfants en bas \u00e2ge dans la chambre. Mais surtout, cet am\u00e9nagement permet d&rsquo;obtenir une densit\u00e9 beaucoup plus faible avec un maximum de 20 passagers au lieu des 36 passagers maximum que peut accueillir un wagon-lit classique.<\/p>\n\n\n\n<figure class=\"nv-cv-d nv-cv-m wp-block-gallery has-nested-images columns-default is-cropped wp-block-gallery-5 is-layout-flex wp-block-gallery-is-layout-flex\">\n<figure class=\"wp-block-image size-large\"><a href=\"https:\/\/back-on-track.eu\/wp-content\/uploads\/2023\/11\/CC-BY_Back-on-Track_eu_231113_nextGenNJ_sleeper3.jpeg\"><img loading=\"lazy\" decoding=\"async\" width=\"640\" height=\"640\" data-id=\"14813\" src=\"https:\/\/back-on-track.eu\/wp-content\/uploads\/2023\/11\/CC-BY_Back-on-Track_eu_231113_nextGenNJ_sleeper3.jpeg\" alt=\"\" class=\"wp-image-14813\" srcset=\"https:\/\/back-on-track.eu\/wp-content\/uploads\/2023\/11\/CC-BY_Back-on-Track_eu_231113_nextGenNJ_sleeper3.jpeg 640w, https:\/\/back-on-track.eu\/wp-content\/uploads\/2023\/11\/CC-BY_Back-on-Track_eu_231113_nextGenNJ_sleeper3-300x300.jpeg 300w, https:\/\/back-on-track.eu\/wp-content\/uploads\/2023\/11\/CC-BY_Back-on-Track_eu_231113_nextGenNJ_sleeper3-150x150.jpeg 150w\" sizes=\"auto, (max-width: 640px) 100vw, 640px\" \/><\/a><\/figure>\n\n\n\n<figure class=\"wp-block-image size-large\"><a href=\"https:\/\/back-on-track.eu\/wp-content\/uploads\/2023\/11\/CC-BY_Back-on-Track_eu_231113_nextGenNJ_sleeper1.jpeg\"><img loading=\"lazy\" decoding=\"async\" width=\"640\" height=\"640\" data-id=\"14825\" src=\"https:\/\/back-on-track.eu\/wp-content\/uploads\/2023\/11\/CC-BY_Back-on-Track_eu_231113_nextGenNJ_sleeper1.jpeg\" alt=\"\" class=\"wp-image-14825\" srcset=\"https:\/\/back-on-track.eu\/wp-content\/uploads\/2023\/11\/CC-BY_Back-on-Track_eu_231113_nextGenNJ_sleeper1.jpeg 640w, https:\/\/back-on-track.eu\/wp-content\/uploads\/2023\/11\/CC-BY_Back-on-Track_eu_231113_nextGenNJ_sleeper1-300x300.jpeg 300w, https:\/\/back-on-track.eu\/wp-content\/uploads\/2023\/11\/CC-BY_Back-on-Track_eu_231113_nextGenNJ_sleeper1-150x150.jpeg 150w\" sizes=\"auto, (max-width: 640px) 100vw, 640px\" \/><\/a><\/figure>\n\n\n\n<figure class=\"wp-block-image size-large\"><a href=\"https:\/\/back-on-track.eu\/wp-content\/uploads\/2023\/11\/CC-BY_Back-on-Track_eu_231113_nextGenNJ_sleeper2.jpeg\"><img loading=\"lazy\" decoding=\"async\" width=\"640\" height=\"640\" data-id=\"14816\" src=\"https:\/\/back-on-track.eu\/wp-content\/uploads\/2023\/11\/CC-BY_Back-on-Track_eu_231113_nextGenNJ_sleeper2.jpeg\" alt=\"\" class=\"wp-image-14816\" srcset=\"https:\/\/back-on-track.eu\/wp-content\/uploads\/2023\/11\/CC-BY_Back-on-Track_eu_231113_nextGenNJ_sleeper2.jpeg 640w, https:\/\/back-on-track.eu\/wp-content\/uploads\/2023\/11\/CC-BY_Back-on-Track_eu_231113_nextGenNJ_sleeper2-300x300.jpeg 300w, https:\/\/back-on-track.eu\/wp-content\/uploads\/2023\/11\/CC-BY_Back-on-Track_eu_231113_nextGenNJ_sleeper2-150x150.jpeg 150w\" sizes=\"auto, (max-width: 640px) 100vw, 640px\" \/><\/a><\/figure>\n<\/figure>\n\n\n\n<p> <\/p>\n\n\n\n<h3 class=\"wp-block-heading\">5. Une plus grande densit\u00e9 dans la zone des si\u00e8ges <\/h3>\n\n\n\n<p>Nous avons pass\u00e9 la journ\u00e9e dans la voiture \u00e0 places assises et nous pouvons l&rsquo;affirmer : Bravo, c&rsquo;est confortable de voyager avec un bon wifi, de nombreuses prises \u00e9lectriques&#8230; mais pas de poubelles. Comme nous l&rsquo;avons appris, \u00d6BB compte sur ses passagers pour apporter les d\u00e9chets \u00e0 l&rsquo;entr\u00e9e, ou peut-\u00eatre m\u00eame sur le personnel lors de leur passage. Comme nous le savons, les compartiments des trains de nuit sont souvent, eh bien, en d\u00e9sordre le matin. Notre pr\u00e9diction : l&rsquo;\u00e9quipe de vente de Siemens recevra bient\u00f4t une commande de poubelles de table.<\/p>\n\n\n\n<p>Cependant, ces si\u00e8ges ne sont pas des si\u00e8ges inclinables. La surface du si\u00e8ge peut \u00eatre tir\u00e9e et le si\u00e8ge peut \u00eatre inclin\u00e9 de quelques degr\u00e9s, pas plus de 8 cm au total. Ils sont destin\u00e9s au trafic pendulaire suppl\u00e9mentaire ou aux personnes qui ont l&rsquo;habitude de dormir en classe \u00e9conomique dans un avion ou un autocar. La lumi\u00e8re peut \u00eatre tamis\u00e9e et chaque si\u00e8ge dispose d&rsquo;une petite lampe de lecture. Les si\u00e8ges sont assez plats, ce qui peut \u00eatre un avantage si le si\u00e8ge voisin est libre et que tu aimes t&rsquo;allonger.<\/p>\n\n\n\n<p>Dans une partie du car, les si\u00e8ges sont install\u00e9s directement sur le plancher, avec un porte-bagages au-dessus des si\u00e8ges. Dans l&rsquo;autre moiti\u00e9, les si\u00e8ges sont dispos\u00e9s autour d&rsquo;une table sur\u00e9lev\u00e9e d&rsquo;environ 25 cm, ce qui laisse beaucoup d&rsquo;espace pour les bagages entre les si\u00e8ges.<\/p>\n\n\n\n<figure class=\"nv-cv-d nv-cv-m wp-block-gallery has-nested-images columns-default is-cropped wp-block-gallery-6 is-layout-flex wp-block-gallery-is-layout-flex\">\n<figure class=\"wp-block-image size-large\"><a href=\"https:\/\/back-on-track.eu\/wp-content\/uploads\/2023\/11\/IMG_6901-1.jpeg\"><img loading=\"lazy\" decoding=\"async\" width=\"640\" height=\"640\" data-id=\"14757\" src=\"https:\/\/back-on-track.eu\/wp-content\/uploads\/2023\/11\/IMG_6901-1.jpeg\" alt=\"\" class=\"wp-image-14757\" srcset=\"https:\/\/back-on-track.eu\/wp-content\/uploads\/2023\/11\/IMG_6901-1.jpeg 640w, https:\/\/back-on-track.eu\/wp-content\/uploads\/2023\/11\/IMG_6901-1-300x300.jpeg 300w, https:\/\/back-on-track.eu\/wp-content\/uploads\/2023\/11\/IMG_6901-1-150x150.jpeg 150w\" sizes=\"auto, (max-width: 640px) 100vw, 640px\" \/><\/a><figcaption class=\"wp-element-caption\">Les lumi\u00e8res peuvent \u00eatre tamis\u00e9es. <br>C&rsquo;est \u00e0 peu pr\u00e8s tout ce que tu peux trouver dans un train de nuit.<\/figcaption><\/figure>\n\n\n\n<figure class=\"wp-block-image size-large\"><a href=\"https:\/\/back-on-track.eu\/wp-content\/uploads\/2023\/11\/IMG_6912.jpeg\"><img loading=\"lazy\" decoding=\"async\" width=\"640\" height=\"640\" data-id=\"14763\" src=\"https:\/\/back-on-track.eu\/wp-content\/uploads\/2023\/11\/IMG_6912.jpeg\" alt=\"\" class=\"wp-image-14763\" srcset=\"https:\/\/back-on-track.eu\/wp-content\/uploads\/2023\/11\/IMG_6912.jpeg 640w, https:\/\/back-on-track.eu\/wp-content\/uploads\/2023\/11\/IMG_6912-300x300.jpeg 300w, https:\/\/back-on-track.eu\/wp-content\/uploads\/2023\/11\/IMG_6912-150x150.jpeg 150w\" sizes=\"auto, (max-width: 640px) 100vw, 640px\" \/><\/a><figcaption class=\"wp-element-caption\">Les porte-bagages de la voiture 6 servent aux utilisateurs de capsules qui transportent plus qu&rsquo;un bagage \u00e0 main. Au moins, tu peux les verrouiller \u00e0 l&rsquo;aide d&rsquo;un fil.<\/figcaption><\/figure>\n<\/figure>\n\n\n\n<figure class=\"nv-cv-d nv-cv-m wp-block-gallery has-nested-images columns-default is-cropped wp-block-gallery-7 is-layout-flex wp-block-gallery-is-layout-flex\">\n<figure class=\"wp-block-image size-large\"><a href=\"https:\/\/back-on-track.eu\/wp-content\/uploads\/2023\/11\/seatercar_IMG_6885.jpeg\"><img loading=\"lazy\" decoding=\"async\" width=\"640\" height=\"640\" data-id=\"14659\" src=\"https:\/\/back-on-track.eu\/wp-content\/uploads\/2023\/11\/seatercar_IMG_6885.jpeg\" alt=\"\" class=\"wp-image-14659\" srcset=\"https:\/\/back-on-track.eu\/wp-content\/uploads\/2023\/11\/seatercar_IMG_6885.jpeg 640w, https:\/\/back-on-track.eu\/wp-content\/uploads\/2023\/11\/seatercar_IMG_6885-300x300.jpeg 300w, https:\/\/back-on-track.eu\/wp-content\/uploads\/2023\/11\/seatercar_IMG_6885-150x150.jpeg 150w\" sizes=\"auto, (max-width: 640px) 100vw, 640px\" \/><\/a><figcaption class=\"wp-element-caption\">Les si\u00e8ges sont assez durs et plats et ne s&rsquo;inclinent pas plus en arri\u00e8re que dans un train de jour. <\/figcaption><\/figure>\n\n\n\n<figure class=\"wp-block-image size-large\"><a href=\"https:\/\/back-on-track.eu\/wp-content\/uploads\/2023\/11\/luggagespace_IMG_6903.jpeg\"><img loading=\"lazy\" decoding=\"async\" width=\"640\" height=\"640\" data-id=\"14617\" src=\"https:\/\/back-on-track.eu\/wp-content\/uploads\/2023\/11\/luggagespace_IMG_6903.jpeg\" alt=\"\" class=\"wp-image-14617\" srcset=\"https:\/\/back-on-track.eu\/wp-content\/uploads\/2023\/11\/luggagespace_IMG_6903.jpeg 640w, https:\/\/back-on-track.eu\/wp-content\/uploads\/2023\/11\/luggagespace_IMG_6903-300x300.jpeg 300w, https:\/\/back-on-track.eu\/wp-content\/uploads\/2023\/11\/luggagespace_IMG_6903-150x150.jpeg 150w\" sizes=\"auto, (max-width: 640px) 100vw, 640px\" \/><\/a><figcaption class=\"wp-element-caption\">La moiti\u00e9 des si\u00e8ges sont sur\u00e9lev\u00e9s, ce qui permet de ranger beaucoup de bagages sans avoir \u00e0 \u00e9quilibrer les valises au-dessus de la t\u00eate.<\/figcaption><\/figure>\n<\/figure>\n\n\n\n<p> <\/p>\n\n\n\n<h3 class=\"wp-block-heading\">6. Grande vitesse<\/h3>\n\n\n\n<p>Oui, officiellement, on pourrait dire qu&rsquo;il s&rsquo;agit du premier train de nuit europ\u00e9en \u00e0 grande vitesse. Les wagons sont techniquement pr\u00e9par\u00e9s pour une vitesse de 250 km\/h, ce qui correspond au train de nuit Zefiro de Bombardier, qui circule la nuit \u00e0 une vitesse maximale de 250 km\/h en Chine. Cependant, ces trains \u00e0 unit\u00e9s multiples ne pourront pas d\u00e9passer 230 km\/h, car il n&rsquo;existe pas encore de moteurs capables de faire plus.<\/p>\n\n\n\n<p>La vitesse plus \u00e9lev\u00e9e de la connexion Internet aura probablement une plus grande importance. Sur le trajet Vienne-Linz, le service Wi-Fi embarqu\u00e9 de l&rsquo;\u00d6BB a permis \u00e0 25 personnes de participer \u00e0 une vid\u00e9oconf\u00e9rence en partageant l&rsquo;image de leur cam\u00e9ra et leur \u00e9cran, sans aucune interruption, m\u00eame dans les tunnels. C&rsquo;est remarquable quand on sait \u00e0 quel point il est compliqu\u00e9 de faire fonctionner des objets en mouvement rapide dans les r\u00e9seaux mobiles. Ce n&rsquo;\u00e9tait pas si bien sur toutes les parties du trajet, et ce n&rsquo;est peut-\u00eatre pas aussi bien lorsque le train ne traverse pas l&rsquo;Autriche. Pour ces cas-l\u00e0, la connexion via ton t\u00e9l\u00e9phone portable a \u00e9galement \u00e9t\u00e9 nettement am\u00e9lior\u00e9e par de nouvelles fen\u00eatres avec un motif en forme de girafe con\u00e7u pour permettre aux ondes de ton t\u00e9l\u00e9phone portable de mieux passer.<\/p>\n\n\n\n<figure class=\"nv-cv-d nv-cv-m wp-block-gallery has-nested-images columns-default is-cropped wp-block-gallery-8 is-layout-flex wp-block-gallery-is-layout-flex\">\n<figure class=\"wp-block-image size-large\"><a href=\"https:\/\/back-on-track.eu\/wp-content\/uploads\/2023\/11\/IMG_6993-1.jpeg\"><img loading=\"lazy\" decoding=\"async\" width=\"1024\" height=\"576\" data-id=\"14769\" src=\"https:\/\/back-on-track.eu\/wp-content\/uploads\/2023\/11\/IMG_6993-1-1024x576.jpeg\" alt=\"\" class=\"wp-image-14769\" srcset=\"https:\/\/back-on-track.eu\/wp-content\/uploads\/2023\/11\/IMG_6993-1-1024x576.jpeg 1024w, https:\/\/back-on-track.eu\/wp-content\/uploads\/2023\/11\/IMG_6993-1-300x169.jpeg 300w, https:\/\/back-on-track.eu\/wp-content\/uploads\/2023\/11\/IMG_6993-1-768x432.jpeg 768w, https:\/\/back-on-track.eu\/wp-content\/uploads\/2023\/11\/IMG_6993-1.jpeg 1280w\" sizes=\"auto, (max-width: 1024px) 100vw, 1024px\" \/><\/a><figcaption class=\"wp-element-caption\">Vid\u00e9oconf\u00e9rence avec partage d&rsquo;\u00e9cran ? \u00c7a marche !<\/figcaption><\/figure>\n<\/figure>\n\n\n\n<p> <\/p>\n\n\n\n<h2 class=\"wp-block-heading\">Notre conclusion :<\/h2>\n\n\n\n<p>Le nouveau Nightjet est une pi\u00e8ce exceptionnelle en termes de technologie et de design. Il repr\u00e9sente une avanc\u00e9e majeure en termes de qualit\u00e9 de sommeil, d&rsquo;intimit\u00e9, de capacit\u00e9 de travail, de s\u00e9curit\u00e9 et d&rsquo;espace. Plus d&rsquo;espace s&rsquo;accompagne naturellement de co\u00fbts fixes plus \u00e9lev\u00e9s pour le mat\u00e9riel roulant. Dans le cas du nouveau Nightjet, cela pourrait \u00eatre compens\u00e9 par de nombreuses petites \u00e9conomies sur les co\u00fbts d&rsquo;exploitation. Des unit\u00e9s plus longues augmentent aussi th\u00e9oriquement les frais d&rsquo;acc\u00e8s aux voies, mais en r\u00e9alit\u00e9, la plupart des Nightjets n&rsquo;auront pas \u00e0 payer plus qu&rsquo;aujourd&rsquo;hui. La strat\u00e9gie de l&rsquo;\u00d6BB \u00e9tait de ne pas s&rsquo;engager dans une guerre des prix avec l&rsquo;aviation et de laisser aux politiques le soin de rendre les trains de nuit durables aussi abordables que les voyages en avion.<\/p>\n\n\n\n<p>Le nouveau Nightjet restera plus cher que de nombreux vols, mais \u00d6BB rend l&rsquo;alternative durable suffisamment attrayante pour que davantage de personnes puissent imaginer que c&rsquo;est une bonne id\u00e9e de se r\u00e9veiller \u00e0 sa destination.<\/p>\n\n\n\n<h3 class=\"wp-block-heading\">Donn\u00e9es techniques :<\/h3>\n\n\n\n<ul class=\"nv-cv-d nv-cv-m wp-block-list\">\n<li><strong>Vitesse maximale :<\/strong> 230 km\/h.<\/li>\n\n\n\n<li><strong>Propulsion : <\/strong>Loco tract\u00e9e \/ Loco pouss\u00e9e (voiture directrice devant)<\/li>\n\n\n\n<li><strong>Capacit\u00e9 maximale : <\/strong>\n\n<ul class=\"wp-block-list\">\n<li>Voiture \u00e0 si\u00e8ges : 72 passagers<\/li>\n\n\n\n<li>PMR \/ Si\u00e8ges \/ V\u00e9los \/ Bagages : 22 passagers (20 si\u00e8ges, 2 lits couchette PMR)<\/li>\n\n\n\n<li>Couchette \/ Mini Cabine : 3 x 40 passagers (3&#215;4 lits couchette, 28 capsules)<\/li>\n\n\n\n<li>Voiture-lits : 2 x 20 passagers<\/li>\n\n\n\n<li><strong>Ensemble complet de 7 voitures : 254 passagers <\/strong>(36 en moyenne par voiture)<\/li>\n<\/ul>\n<\/li>\n<\/ul>\n\n\n\n<h3 class=\"wp-block-heading\">Donn\u00e9es de commande :<\/h3>\n\n\n\n<p><strong>Fabricant :<\/strong> Siemens Mobility<br><strong>Autocars command\u00e9s :<\/strong> 233 <br><strong>Dur\u00e9e de production : <\/strong>5 ans<br><strong>Volume d&rsquo;achat :<\/strong> <a href=\"https:\/\/www.railvolution.net\/news\/obb-orders-20-additional-nightjets\">400 M EUR pour 20 ensembles de 7 voitures<\/a><br><strong>Prix :<\/strong> 2,86 millions d&rsquo;euros en moyenne par voiture (hors transport) <\/p>\n\n\n\n<p>Pour les demandes des m\u00e9dias, merci de contacter les auteurs de ce billet (Juri Maier et Patrick Neumann) via germany@back-on-track.eu<\/p>\n","protected":false},"excerpt":{"rendered":"<p>Examen approfondi : Nous avons pass\u00e9 20 heures dans le nouveau Nightjet &#8211; \u00ab\u00a0une pi\u00e8ce de technologie exceptionnelle\u00a0\u00bb. Lis tout ce qui concerne le train, ses caract\u00e9ristiques et en particulier les mini-cabines, ainsi que quelques suggestions d&rsquo;am\u00e9lioration.<\/p>\n","protected":false},"author":10,"featured_media":14969,"comment_status":"closed","ping_status":"open","sticky":false,"template":"","format":"standard","meta":{"_acf_changed":false,"inline_featured_image":false,"neve_meta_sidebar":"","neve_meta_container":"","neve_meta_enable_content_width":"","neve_meta_content_width":0,"neve_meta_title_alignment":"","neve_meta_author_avatar":"","neve_post_elements_order":"[\"title\",\"meta\",\"content\",\"tags\",\"comments\",\"thumbnail\"]","neve_meta_disable_header":"","neve_meta_disable_footer":"","neve_meta_disable_title":"","neve_meta_reading_time":"","_themeisle_gutenberg_block_has_review":false,"_ti_tpc_template_sync":false,"_ti_tpc_template_id":"","footnotes":""},"categories":[31,5,102],"tags":[],"class_list":["post-14978","post","type-post","status-publish","format-standard","has-post-thumbnail","hentry","category-actualites","category-non-classifiee","category-rolling-stock-fr"],"acf":[],"_links":{"self":[{"href":"https:\/\/back-on-track.eu\/fr\/wp-json\/wp\/v2\/posts\/14978","targetHints":{"allow":["GET"]}}],"collection":[{"href":"https:\/\/back-on-track.eu\/fr\/wp-json\/wp\/v2\/posts"}],"about":[{"href":"https:\/\/back-on-track.eu\/fr\/wp-json\/wp\/v2\/types\/post"}],"author":[{"embeddable":true,"href":"https:\/\/back-on-track.eu\/fr\/wp-json\/wp\/v2\/users\/10"}],"replies":[{"embeddable":true,"href":"https:\/\/back-on-track.eu\/fr\/wp-json\/wp\/v2\/comments?post=14978"}],"version-history":[{"count":5,"href":"https:\/\/back-on-track.eu\/fr\/wp-json\/wp\/v2\/posts\/14978\/revisions"}],"predecessor-version":[{"id":15133,"href":"https:\/\/back-on-track.eu\/fr\/wp-json\/wp\/v2\/posts\/14978\/revisions\/15133"}],"wp:featuredmedia":[{"embeddable":true,"href":"https:\/\/back-on-track.eu\/fr\/wp-json\/wp\/v2\/media\/14969"}],"wp:attachment":[{"href":"https:\/\/back-on-track.eu\/fr\/wp-json\/wp\/v2\/media?parent=14978"}],"wp:term":[{"taxonomy":"category","embeddable":true,"href":"https:\/\/back-on-track.eu\/fr\/wp-json\/wp\/v2\/categories?post=14978"},{"taxonomy":"post_tag","embeddable":true,"href":"https:\/\/back-on-track.eu\/fr\/wp-json\/wp\/v2\/tags?post=14978"}],"curies":[{"name":"wp","href":"https:\/\/api.w.org\/{rel}","templated":true}]}}