{"id":18707,"date":"2024-07-14T11:39:35","date_gmt":"2024-07-14T09:39:35","guid":{"rendered":"https:\/\/back-on-track.eu\/?p=18707"},"modified":"2024-07-14T17:29:22","modified_gmt":"2024-07-14T15:29:22","slug":"nightjet-community-im-dialog-mit-der-oebb-ein-treffen-in-der-open-innovation-factory-in-wien","status":"publish","type":"post","link":"https:\/\/back-on-track.eu\/fr\/nightjet-community-im-dialog-mit-der-oebb-ein-treffen-in-der-open-innovation-factory-in-wien\/","title":{"rendered":"La communaut\u00e9 Nightjet en dialogue avec \u00d6BB &#8211; Une rencontre \u00e0 l&rsquo;Open Innovation Factory \u00e0 Vienne"},"content":{"rendered":"\n<p><em>Back-on-Track Belgique, Allemagne et Suisse, photo : \u00d6BB \/ Lukas Bezila<\/em><\/p>\n\n\n\n<p>Le Nightjet des chemins de fer autrichiens (\u00d6BB) fait toujours l&rsquo;objet de discussions, y compris dans les m\u00e9dias sociaux. Une communaut\u00e9 tr\u00e8s engag\u00e9e s&rsquo;est form\u00e9e, qui montre non seulement un fort int\u00e9r\u00eat pour le produit Nightjet, mais qui exprime aussi son opinion de mani\u00e8re critique. Le 25 juin, certains membres de cette communaut\u00e9 ont \u00e9t\u00e9 invit\u00e9s par \u00d6BB \u00e0 Vienne, \u00e0 l&rsquo;Open Innovation Factory. Parmi les participants se trouvaient des membres de Back-on-Track Belgique (Alexander Gomme et d&rsquo;autres), Allemagne (Patrick Neumann et David Prenninger) et Suisse (Sibylle Trenck-Germann).<\/p>\n\n\n\n<p><\/p>\n\n\n\n<h2 class=\"wp-block-heading has-medium-font-size\"><strong>Objectif de la rencontre : dialogue et feedback<\/strong><\/h2>\n\n\n\n<p>\u00d6BB souhaite engager un dialogue ouvert avec la communaut\u00e9 Nightjet, \u00e9couter leurs pens\u00e9es et leurs suggestions. Kurt Bauer, directeur du trafic longue distance de l&rsquo;\u00d6BB, a ouvert la r\u00e9union en introduisant l&rsquo;histoire de la cr\u00e9ation du Nightjet. La reprise de l&rsquo;activit\u00e9 des trains de nuit de la Deutsche Bahn (DB) par les \u00d6BB en 2015 en seulement 14 mois a \u00e9t\u00e9 un tour de force impressionnant.<\/p>\n\n\n\n<p>Bauer a particuli\u00e8rement soulign\u00e9 l&rsquo;engagement des collaborateurs des \u00d6BB ainsi que des Chemins de fer f\u00e9d\u00e9raux suisses (CFF), sans lesquels ce succ\u00e8s n&rsquo;aurait pas \u00e9t\u00e9 possible. La femme d&rsquo;un collaborateur de l&rsquo;\u00d6BB avait m\u00eame cousu de ses propres mains les coussins pour le lancement du Nightjet afin de ne pas d\u00e9cevoir les clients lors de la premi\u00e8re.<\/p>\n\n\n\n<p>Les Chemins de fer f\u00e9d\u00e9raux suisses ont pris le risque \u00e9conomique pour la partie suisse des trajets, les Chemins de fer f\u00e9d\u00e9raux autrichiens pour la leur. Cela montre que la segmentation du risque est, ou peut \u00eatre, un acc\u00e9l\u00e9rateur pour la coop\u00e9ration entre les chemins de fer.<\/p>\n\n\n\n<p><\/p>\n\n\n\n<h2 class=\"wp-block-heading has-medium-font-size\"><strong>D\u00e9veloppements actuels et d\u00e9fis<\/strong><\/h2>\n\n\n\n<p>La communaut\u00e9 a \u00e9t\u00e9 inform\u00e9e des d\u00e9veloppements actuels et des plans futurs du Nightjet. Les probl\u00e8mes de qualit\u00e9 actuels, qui posent des d\u00e9fis aux \u00d6BB, ont \u00e9galement \u00e9t\u00e9 abord\u00e9s ouvertement : Par exemple, les trajets Vienne &#8211; Paris, Berlin &#8211; Paris et Berlin &#8211; Bruxelles seront mis en pause du 12 ao\u00fbt au 25 octobre 2024 en raison d&rsquo;importants travaux. <\/p>\n\n\n\n<p>Les liaisons Munich &#8211; Rome et Vienne &#8211; Rome seront \u00e9galement interrompues pendant plusieurs mois. En raison d&rsquo;une fermeture de ligne en Italie, ces Nightjets ne pourront malheureusement pas circuler du 8 juin au 9 septembre 2024 et seront donc supprim\u00e9s sur l&rsquo;ensemble du trajet, car il n&rsquo;y a pas de sillons alternatifs disponibles. A partir du 10 septembre 2024, le Nightjet de nouvelle g\u00e9n\u00e9ration sera alors utilis\u00e9 sur la ligne avec plus de confort pour les voyageurs. Les Nightjets au d\u00e9part de Munich via Milan vers La Spezia et au d\u00e9part de Stuttgart via Munich vers Venise ne sont pas concern\u00e9s par une fermeture de ligne et continuent \u00e0 \u00eatre utilis\u00e9s vers l&rsquo;Italie.<\/p>\n\n\n\n<p>A l&rsquo;avenir, \u00d6BB souhaite mettre l&rsquo;accent sur la stabilit\u00e9 et l&rsquo;am\u00e9lioration de la qualit\u00e9 des produits et des services et augmenter la capacit\u00e9 sur les lignes existantes.<\/p>\n\n\n\n<p><\/p>\n\n\n\n<h2 class=\"wp-block-heading has-medium-font-size\"><strong>Atelier d&rsquo;id\u00e9ation : \u00e9laborer des solutions ensemble<\/strong><\/h2>\n\n\n\n<p>En collaboration avec des collaborateurs d&rsquo;\u00d6BB du d\u00e9partement d&rsquo;innovation et de la gestion des produits, les participants ont organis\u00e9 un atelier d&rsquo;id\u00e9ation. En trois groupes, ils ont recueilli et discut\u00e9 des commentaires de la communaut\u00e9 sur la qualit\u00e9 du produit et du service du Nightjet. De nombreux probl\u00e8mes actuels ont \u00e9t\u00e9 abord\u00e9s : Qu&rsquo;est-ce qui ne va pas ? Pourquoi ? Comment veut-on r\u00e9gler ces probl\u00e8mes ? Quelles d\u00e9cisions ont \u00e9t\u00e9 prises et pourquoi ?<\/p>\n\n\n\n<figure class=\"wp-block-image size-large\"><a href=\"https:\/\/back-on-track.eu\/wp-content\/uploads\/2024\/07\/Nightjet-Community_03.jpg\"><img loading=\"lazy\" decoding=\"async\" width=\"1024\" height=\"682\" src=\"https:\/\/back-on-track.eu\/wp-content\/uploads\/2024\/07\/Nightjet-Community_03-1024x682.jpg\" alt=\"\" class=\"wp-image-18660\" srcset=\"https:\/\/back-on-track.eu\/wp-content\/uploads\/2024\/07\/Nightjet-Community_03-1024x682.jpg 1024w, https:\/\/back-on-track.eu\/wp-content\/uploads\/2024\/07\/Nightjet-Community_03-300x200.jpg 300w, https:\/\/back-on-track.eu\/wp-content\/uploads\/2024\/07\/Nightjet-Community_03-768x512.jpg 768w, https:\/\/back-on-track.eu\/wp-content\/uploads\/2024\/07\/Nightjet-Community_03-1536x1024.jpg 1536w, https:\/\/back-on-track.eu\/wp-content\/uploads\/2024\/07\/Nightjet-Community_03-930x620.jpg 930w, https:\/\/back-on-track.eu\/wp-content\/uploads\/2024\/07\/Nightjet-Community_03.jpg 2000w\" sizes=\"auto, (max-width: 1024px) 100vw, 1024px\" \/><\/a><\/figure>\n\n\n\n<p><em>La communaut\u00e9 Nightjet et les employ\u00e9s \u00d6BB, photo : \u00d6BB \/ Lukas Bezila<\/em><\/p>\n\n\n\n<h2 class=\"wp-block-heading has-medium-font-size\">Actuellement, les d\u00e9fis suivants sont au centre de l&rsquo;attention :<\/h2>\n\n\n\n<ul class=\"wp-block-list\">\n<li>Pannes de voitures-lits et de voitures-couchettes en raison de mesures de r\u00e9paration<\/li>\n\n\n\n<li>Retards et annulations en raison de chantiers et d&rsquo;interdictions de man\u0153uvre<\/li>\n\n\n\n<li>Manque d&rsquo;ateliers dans les destinations respectives pour r\u00e9parer les d\u00e9fauts<\/li>\n\n\n\n<li>Retard de livraison des nouveaux Nightjets<\/li>\n\n\n\n<li>R\u00e9glementation du trafic ferroviaire international<\/li>\n\n\n\n<li>Probl\u00e8mes d&rsquo;information des clients en temps r\u00e9el<\/li>\n\n\n\n<li>D\u00e9ficits dans l&rsquo;amabilit\u00e9 du personnel de service envers les clients<\/li>\n\n\n\n<li>Manque d&rsquo;infrastructures comme l&rsquo;\u00e9lectricit\u00e9 et les eaux us\u00e9es pour certaines destinations europ\u00e9ennes<\/li>\n\n\n\n<li>Agrandissement du r\u00e9seau en collaboration avec des chemins de fer partenaires<\/li>\n<\/ul>\n\n\n\n<p><\/p>\n\n\n\n<h2 class=\"wp-block-heading has-medium-font-size\"><strong>Influences politiques et coop\u00e9ration internationale<\/strong><\/h2>\n\n\n\n<p>Les d\u00e9veloppements politiques internationaux continuent d&rsquo;avoir une grande influence sur les d\u00e9cisions prises dans le syst\u00e8me ferroviaire, y compris pour le Nightjet. Les \u00d6BB soutiendraient les CFF pour les Nightjets sur la ligne Zurich &#8211; Barcelone. Ici, la Suisse devrait montrer l&rsquo;exemple, qui est actuellement frein\u00e9e sous la pression des int\u00e9r\u00eats et des d\u00e9cisions politiques sur le th\u00e8me des trains de nuit.<\/p>\n\n\n\n<p><\/p>\n\n\n\n<h2 class=\"wp-block-heading has-medium-font-size\"><strong>Conclusion et suivi<\/strong><\/h2>\n\n\n\n<p>En invitant la communaut\u00e9 \u00e0 l&rsquo;Open Innovation Factory, \u00d6BB montre sa volont\u00e9 d&rsquo;\u00e9couter et d&rsquo;\u00e9laborer des solutions ensemble. L&rsquo;\u00e9change a \u00e9t\u00e9 une \u00e9tape importante pour continuer \u00e0 am\u00e9liorer la qualit\u00e9 du Nightjet et pour mieux prendre en compte les souhaits et les besoins des voyageurs. Les \u00d6BB souhaitent organiser r\u00e9guli\u00e8rement le Nightjet Community Meetup afin de recueillir en continu les r\u00e9actions de la communaut\u00e9.<\/p>\n\n\n\n<p>Les membres de Back-on-Track sont \u00e0 cet effet cordialement invit\u00e9s \u00e0 partager leur feedback dans les groupes respectifs.<\/p>\n\n\n\n<div class=\"wp-block-group is-nowrap is-layout-flex wp-container-core-group-is-layout-ad2f72ca wp-block-group-is-layout-flex\">\n<figure class=\"wp-block-gallery has-nested-images columns-default is-cropped wp-block-gallery-1 is-layout-flex wp-block-gallery-is-layout-flex\">\n<figure class=\"wp-block-image size-large\"><a href=\"https:\/\/back-on-track.eu\/wp-content\/uploads\/2024\/07\/Nightjet-Community_01.jpg\"><img loading=\"lazy\" decoding=\"async\" width=\"1024\" height=\"682\" data-id=\"18681\" src=\"https:\/\/back-on-track.eu\/wp-content\/uploads\/2024\/07\/Nightjet-Community_01-1024x682.jpg\" alt=\"\" class=\"wp-image-18681\" srcset=\"https:\/\/back-on-track.eu\/wp-content\/uploads\/2024\/07\/Nightjet-Community_01-1024x682.jpg 1024w, https:\/\/back-on-track.eu\/wp-content\/uploads\/2024\/07\/Nightjet-Community_01-300x200.jpg 300w, https:\/\/back-on-track.eu\/wp-content\/uploads\/2024\/07\/Nightjet-Community_01-768x512.jpg 768w, https:\/\/back-on-track.eu\/wp-content\/uploads\/2024\/07\/Nightjet-Community_01-1536x1024.jpg 1536w, https:\/\/back-on-track.eu\/wp-content\/uploads\/2024\/07\/Nightjet-Community_01-930x620.jpg 930w, https:\/\/back-on-track.eu\/wp-content\/uploads\/2024\/07\/Nightjet-Community_01.jpg 2000w\" sizes=\"auto, (max-width: 1024px) 100vw, 1024px\" \/><\/a><\/figure>\n\n\n\n<figure class=\"wp-block-image size-large\"><a href=\"https:\/\/back-on-track.eu\/wp-content\/uploads\/2024\/07\/Nightjet-Community_04-1.jpg\"><img loading=\"lazy\" decoding=\"async\" width=\"1024\" height=\"682\" data-id=\"18674\" src=\"https:\/\/back-on-track.eu\/wp-content\/uploads\/2024\/07\/Nightjet-Community_04-1-1024x682.jpg\" alt=\"\" class=\"wp-image-18674\" srcset=\"https:\/\/back-on-track.eu\/wp-content\/uploads\/2024\/07\/Nightjet-Community_04-1-1024x682.jpg 1024w, https:\/\/back-on-track.eu\/wp-content\/uploads\/2024\/07\/Nightjet-Community_04-1-300x200.jpg 300w, https:\/\/back-on-track.eu\/wp-content\/uploads\/2024\/07\/Nightjet-Community_04-1-768x512.jpg 768w, https:\/\/back-on-track.eu\/wp-content\/uploads\/2024\/07\/Nightjet-Community_04-1-1536x1024.jpg 1536w, https:\/\/back-on-track.eu\/wp-content\/uploads\/2024\/07\/Nightjet-Community_04-1-930x620.jpg 930w, https:\/\/back-on-track.eu\/wp-content\/uploads\/2024\/07\/Nightjet-Community_04-1.jpg 2000w\" sizes=\"auto, (max-width: 1024px) 100vw, 1024px\" \/><\/a><\/figure>\n<\/figure>\n<\/div>\n\n\n\n<p><\/p>\n\n\n\n<p><em>Impressions du meetup de la communaut\u00e9 Nightjet, photo : \u00d6BB \/ Lukas Bezila<\/em><\/p>\n","protected":false},"excerpt":{"rendered":"<p>Back-on-Track Belgique, Allemagne et Suisse, photo : \u00d6BB \/ Lukas Bezila Le Nightjet des chemins de fer autrichiens (\u00d6BB) fait toujours l&rsquo;objet de discussions, y compris dans les m\u00e9dias sociaux. Une communaut\u00e9 tr\u00e8s engag\u00e9e s&rsquo;est form\u00e9e, qui montre non seulement un fort int\u00e9r\u00eat pour le produit Nightjet, mais qui exprime aussi son opinion de mani\u00e8re&hellip;&nbsp;<a href=\"https:\/\/back-on-track.eu\/fr\/nightjet-community-im-dialog-mit-der-oebb-ein-treffen-in-der-open-innovation-factory-in-wien\/\" rel=\"bookmark\">Read More &raquo;<span class=\"screen-reader-text\">La communaut\u00e9 Nightjet en dialogue avec \u00d6BB &#8211; Une rencontre \u00e0 l&rsquo;Open Innovation Factory \u00e0 Vienne<\/span><\/a><\/p>\n","protected":false},"author":14,"featured_media":18699,"comment_status":"open","ping_status":"open","sticky":false,"template":"","format":"standard","meta":{"_acf_changed":false,"inline_featured_image":false,"neve_meta_sidebar":"","neve_meta_container":"","neve_meta_enable_content_width":"","neve_meta_content_width":0,"neve_meta_title_alignment":"","neve_meta_author_avatar":"","neve_post_elements_order":"","neve_meta_disable_header":"","neve_meta_disable_footer":"","neve_meta_disable_title":"","neve_meta_reading_time":"","_themeisle_gutenberg_block_has_review":false,"_ti_tpc_template_sync":false,"_ti_tpc_template_id":"","footnotes":""},"categories":[31,5],"tags":[136,137,138],"class_list":["post-18707","post","type-post","status-publish","format-standard","has-post-thumbnail","hentry","category-actualites","category-non-classifiee","tag-community-fr","tag-nightjet-2-fr","tag-oebb-fr"],"acf":[],"_links":{"self":[{"href":"https:\/\/back-on-track.eu\/fr\/wp-json\/wp\/v2\/posts\/18707","targetHints":{"allow":["GET"]}}],"collection":[{"href":"https:\/\/back-on-track.eu\/fr\/wp-json\/wp\/v2\/posts"}],"about":[{"href":"https:\/\/back-on-track.eu\/fr\/wp-json\/wp\/v2\/types\/post"}],"author":[{"embeddable":true,"href":"https:\/\/back-on-track.eu\/fr\/wp-json\/wp\/v2\/users\/14"}],"replies":[{"embeddable":true,"href":"https:\/\/back-on-track.eu\/fr\/wp-json\/wp\/v2\/comments?post=18707"}],"version-history":[{"count":7,"href":"https:\/\/back-on-track.eu\/fr\/wp-json\/wp\/v2\/posts\/18707\/revisions"}],"predecessor-version":[{"id":18820,"href":"https:\/\/back-on-track.eu\/fr\/wp-json\/wp\/v2\/posts\/18707\/revisions\/18820"}],"wp:featuredmedia":[{"embeddable":true,"href":"https:\/\/back-on-track.eu\/fr\/wp-json\/wp\/v2\/media\/18699"}],"wp:attachment":[{"href":"https:\/\/back-on-track.eu\/fr\/wp-json\/wp\/v2\/media?parent=18707"}],"wp:term":[{"taxonomy":"category","embeddable":true,"href":"https:\/\/back-on-track.eu\/fr\/wp-json\/wp\/v2\/categories?post=18707"},{"taxonomy":"post_tag","embeddable":true,"href":"https:\/\/back-on-track.eu\/fr\/wp-json\/wp\/v2\/tags?post=18707"}],"curies":[{"name":"wp","href":"https:\/\/api.w.org\/{rel}","templated":true}]}}