{"id":34206,"date":"2025-06-11T17:28:45","date_gmt":"2025-06-11T15:28:45","guid":{"rendered":"https:\/\/back-on-track.eu\/?p=34206"},"modified":"2025-07-03T12:35:27","modified_gmt":"2025-07-03T10:35:27","slug":"les-trains-de-nuit-nox-plus-quun-nouveau-concept-de-cabine","status":"publish","type":"post","link":"https:\/\/back-on-track.eu\/fr\/les-trains-de-nuit-nox-plus-quun-nouveau-concept-de-cabine\/","title":{"rendered":"Les trains de nuit Nox : Plus qu&rsquo;un nouveau concept de cabine."},"content":{"rendered":"\n<p><strong>A premi\u00e8re vue, le concept de train de nuit pr\u00e9sent\u00e9 le 10 juin 2025 par le duo de fondateurs franco-allemands avec la marque \u00ab\u00a0Nox\u00a0\u00bb (\u00ab\u00a0nuit\u00a0\u00bb en latin) rappelle la startup Midnight Trains qui a cess\u00e9 son activit\u00e9 en 2024. Une carte avec le futur r\u00e9seau de lignes doit sugg\u00e9rer des ambitions, en fait on d\u00e9marre avec une seule ligne. Mais regardons de plus pr\u00e8s : ce concept a plus de substance que celui de Midnight Trains, et ce \u00e0 plusieurs \u00e9gards.<\/strong><\/p>\n\n\n\n<h3 class=\"wp-block-heading\">Nox communique d\u00e9j\u00e0 un prix.<\/h3>\n\n\n\n<p>Chez Nox, on semble \u00eatre s\u00fbr qu&rsquo;avec un \u00e9tat d&rsquo;esprit de startup et un concept d&rsquo;exploitation no-frills comme chez Flixtrain (d&rsquo;o\u00f9 vient l&rsquo;un des fondateurs), on peut r\u00e9duire consid\u00e9rablement les co\u00fbts de l&rsquo;exploitation des trains de nuit : Avec des prix de billets \u00e0 partir de 79 \u20ac pour une cabine \u00e0 un lit et \u00e0 partir de 75 \u20ac pour un lit dans un compartiment de deux, Nox veut rivaliser avec les prix actuels des vols. En effet, selon <a href=\"https:\/\/www.dlr.de\/de\/medien\/publikationen\/sonstige-publikationen\/2024\/dlr-low-cost-monitor-2_2024_sonderbeitrag-flugpreise.pdf\/@@download\/file\">une \u00e9tude du Centre a\u00e9rospatial allemand (DLR)<\/a>, en automne 2024, les compagnies a\u00e9riennes \u00e0 bas prix facturaient en moyenne 79,33 \u20ac bruts par billet sur des distances de 500 \u00e0 1 500 km pertinentes pour les trains de nuit. <\/p>\n\n\n\n<p>Il est cependant clair que les 75-79 \u20ac bruts de Nox ne peuvent \u00eatre que le prix d&rsquo;entr\u00e9e. Un train de nuit avec un taux d&rsquo;occupation moyen de 75% et un maximum de 500 places ne g\u00e9n\u00e8rerait avec ces prix nets qu&rsquo;un chiffre d&rsquo;affaires d&rsquo;environ 27.000 \u20ac par trajet, il manquerait au moins 9.000 \u20ac pour couvrir les co\u00fbts selon nos calculs. En outre, si l&rsquo;on veut offrir aux investisseurs potentiels un b\u00e9n\u00e9fice justifiant l&rsquo;investissement, le prix moyen doit \u00e9galement \u00eatre sup\u00e9rieur \u00e0 100 \u20ac pour Nox, ce qui correspond au prix moyen des billets de couchette pour les trains de nuit en provenance et \u00e0 destination de l&rsquo;Allemagne. Selon une <a href=\"https:\/\/www.zeit.de\/mobilitaet\/2025-06\/nachtzuege-verbindungen-bahnen-preise-auslastung\/komplettansicht\">\u00e9tude r\u00e9cente de Zeit Online<\/a> bas\u00e9e sur les donn\u00e9es de <a href=\"http:\/\/night-ride.com\" target=\"_blank\">night-ride.com<\/a>, ceux-ci se situent entre 69 et 158 \u20ac en fonction de l&rsquo;itin\u00e9raire en \u00e9t\u00e9 2025.<\/p>\n\n\n\n<h3 class=\"wp-block-heading\"><strong>Nox a une disposition de cabine plausible. <\/strong><\/h3>\n\n\n\n<p>Midnight Trains n&rsquo;a jamais montr\u00e9 plus que des allusions, dont il s&rsquo;est av\u00e9r\u00e9 plus tard qu&rsquo;elles avaient \u00e9t\u00e9 faites pour un type de train dont ils se sont rapidement s\u00e9par\u00e9s. Par contre, ce que l&rsquo;on voit dans les rendus Nox est facile \u00e0 imaginer dans l&rsquo;espace. Surtout, cela peut \u00eatre int\u00e9gr\u00e9 dans des voitures de voyageurs Intercity d&rsquo;occasion, qui sont actuellement mises au rebut \u00e0 la pelle dans toute l&rsquo;Europe. Les cabines pour deux et une personne sont dispos\u00e9es \u00e0 droite et \u00e0 gauche d&rsquo;un couloir central. D&rsquo;un c\u00f4t\u00e9, l&rsquo;espace sous le toit du train et au-dessus de l&rsquo;all\u00e9e centrale est utilis\u00e9 pour des lits simples ou doubles dispos\u00e9s de mani\u00e8re classique en travers du sens de la marche. Au niveau de l&rsquo;all\u00e9e, il y a un si\u00e8ge en dessous, dans la cabine double avec deux si\u00e8ges oppos\u00e9s. Les cabines simples en offrent probablement exactement la moiti\u00e9. De l&rsquo;autre c\u00f4t\u00e9, il y a des cabines qui n&rsquo;ont pas d&rsquo;espace au plafond. Ici, deux lits sont superpos\u00e9s dans le sens de la marche. Ici aussi, il est possible de s&rsquo;asseoir, mais seulement si le lit sup\u00e9rieur est relev\u00e9 et le lit inf\u00e9rieur converti en si\u00e8ges. <\/p>\n\n\n\n<div id=\"wp-block-themeisle-blocks-slider-69cffa7a\" class=\"wp-block-themeisle-blocks-slider glide\" data-per-view=\"1\" data-gap=\"0\" data-peek=\"0\" data-autoplay=\"false\" data-height=\"400px\" data-hide-arrows=\"false\"><div class=\"glide__track\" data-glide-el=\"track\"><div class=\"glide__slides\"><div class=\"wp-block-themeisle-blocks-slider-item-wrapper glide__slide\" tabindex=\"0\"><figure><img decoding=\"async\" class=\"wp-block-themeisle-blocks-slider-item\" src=\"https:\/\/back-on-track.eu\/wp-content\/uploads\/2025\/06\/C_Nox_Single_Loft_Room_Seat.png\" alt=\"\" title=\"\" data-id=\"34101\"\/><\/figure><\/div><div class=\"wp-block-themeisle-blocks-slider-item-wrapper glide__slide\" tabindex=\"0\"><figure><img decoding=\"async\" class=\"wp-block-themeisle-blocks-slider-item\" src=\"https:\/\/back-on-track.eu\/wp-content\/uploads\/2025\/06\/C_Nox_Double_Loft_Room_Bed.png\" alt=\"\" title=\"\" data-id=\"34100\"\/><\/figure><\/div><div class=\"wp-block-themeisle-blocks-slider-item-wrapper glide__slide\" tabindex=\"0\"><figure><img decoding=\"async\" class=\"wp-block-themeisle-blocks-slider-item\" src=\"https:\/\/back-on-track.eu\/wp-content\/uploads\/2025\/06\/C_Nox_Double_Loft_Room_Seat.png\" alt=\"\" title=\"\" data-id=\"34093\"\/><\/figure><\/div><div class=\"wp-block-themeisle-blocks-slider-item-wrapper glide__slide\" tabindex=\"0\"><figure><img decoding=\"async\" class=\"wp-block-themeisle-blocks-slider-item\" src=\"https:\/\/back-on-track.eu\/wp-content\/uploads\/2025\/06\/C_Nox_Double_Vista_Room_Bed.png\" alt=\"\" title=\"\" data-id=\"34105\"\/><\/figure><\/div><div class=\"wp-block-themeisle-blocks-slider-item-wrapper glide__slide\" tabindex=\"0\"><figure><img decoding=\"async\" class=\"wp-block-themeisle-blocks-slider-item\" src=\"https:\/\/back-on-track.eu\/wp-content\/uploads\/2025\/06\/C_Nox_Double_Vista_Room_Seat.png\" alt=\"\" title=\"\" data-id=\"34106\"\/><\/figure><\/div><div class=\"wp-block-themeisle-blocks-slider-item-wrapper glide__slide\" tabindex=\"0\"><figure><img decoding=\"async\" class=\"wp-block-themeisle-blocks-slider-item\" src=\"https:\/\/back-on-track.eu\/wp-content\/uploads\/2025\/06\/C_Nox_Single_Loft_Room_Bed.png\" alt=\"\" title=\"\" data-id=\"34122\"\/><\/figure><\/div><\/div><div class=\"glide__bullets\" data-glide-el=\"controls[nav]\"><button class=\"glide__bullet\" data-glide-dir=\"=0\"><\/button><button class=\"glide__bullet\" data-glide-dir=\"=1\"><\/button><button class=\"glide__bullet\" data-glide-dir=\"=2\"><\/button><button class=\"glide__bullet\" data-glide-dir=\"=3\"><\/button><button class=\"glide__bullet\" data-glide-dir=\"=4\"><\/button><button class=\"glide__bullet\" data-glide-dir=\"=5\"><\/button><\/div><\/div><\/div>\n\n\n\n<p>Visualisation de l&rsquo;int\u00e9rieur, (c) noxmobility.com<\/p>\n\n\n\n<p>Si, selon les d\u00e9clarations des fondateurs, tous les lits mesurent deux m\u00e8tres de long et que la technique pour monter et descendre les lits est int\u00e9gr\u00e9e dans les murs, cela signifie que seuls les wagons Intercity de 1\u00e8re classe sont envisageables, dans lesquels on ne peut installer que neuf combinaisons de cabines de ce type par wagon. Le besoin de cabines individuelles sera plut\u00f4t \u00e9lev\u00e9, donc on offrira probablement 7 x 2 cabines \u00e0 un lit, 9 cabines \u00e0 deux \u00e9tages et 2 cabines \u00e0 deux lits. Cela ferait 36 places par wagon, si on peut transformer des wagons \u00e0 grande capacit\u00e9. Si on transforme des voitures \u00e0 compartiments qui ont \u00e9t\u00e9 construites pour un couloir sur le c\u00f4t\u00e9, on perd encore deux places pour pouvoir faire passer le couloir au milieu en un seul clic. <\/p>\n\n\n\n<p>A titre de comparaison, dans le Nightjet de la nouvelle g\u00e9n\u00e9ration, les voitures-couchettes offrent 12 lits en occupation quadruple et 28 lits individuels, soit 40 places. L&rsquo;\u00d6BB peut donc vendre 10 \u00e0 15% de places en plus par wagon dans la cat\u00e9gorie des couchettes des nouveaux Nightjets. En revanche, on ne peut pas s&rsquo;asseoir correctement dans leurs mini-cabines. La cabine \u00e0 un lit de Nox pourrait donc battre la mini-cabine du nighhtjet en comp\u00e9tition, la cabine \u00e0 deux \u00e9tages semble \u00e0 son tour plus attrayante que la couchette \u00e0 4 places du nouveau Nightjet. Et la suite \u00e0 deux lits peut m\u00eame \u00eatre plus attrayante pour les couples qu&rsquo;un compartiment de voiture-lits, du moins plus attrayante qu&rsquo;un compartiment sans WC et douche en-suite, que l&rsquo;on trouve encore dans le mat\u00e9riel roulant plus ancien. <br><br>Cependant, l&rsquo;objectif n&rsquo;est pas de faire payer plus que l&rsquo;\u00d6BB, mais d&rsquo;offrir des prix plus bas que ceux de l&rsquo;avion. Avec encore moins de places que dans le Nightjet, cela ne sera pas possible en raison de la conception de l&rsquo;espace. La situation serait meilleure si l&rsquo;on pouvait travailler avec des v\u00e9hicules neufs. Il serait alors possible, comme pour le Nightjet, de placer les portes \u00e0 une seule extr\u00e9mit\u00e9 du wagon, ce qui permettrait d&rsquo;offrir 38 places comme ce dernier.<\/p>\n\n\n\n<figure class=\"wp-block-image size-large\"><a href=\"https:\/\/back-on-track.eu\/wp-content\/uploads\/2025\/06\/Nox-14c9ac.svg\"><img decoding=\"async\" src=\"https:\/\/back-on-track.eu\/wp-content\/uploads\/2025\/06\/Nox-14c9ac.svg\" alt=\"\" class=\"wp-image-34234\"\/><\/a><\/figure>\n\n\n\n<p>De plus, il serait alors possible de travailler avec un toit de v\u00e9hicule plus haut. Les trains Intercity ont une hauteur de plafond maximale de 265 cm. Avec 190 cm pour le couloir et 10 cm pour la couverture et le matelas au milieu du v\u00e9hicule, il ne reste que 65 cm, ce qui correspond \u00e0 l&rsquo;espace d&rsquo;une couchette \u00e0 6 places. Il faut donc d&rsquo;abord tester minutieusement si cela est accept\u00e9 par les passagers.<\/p>\n\n\n\n<h3 class=\"wp-block-heading\"><strong>Nox a un horaire. <\/strong><\/h3>\n\n\n\n<p>Contrairement \u00e0 Midnight Trains, qui a eu l&rsquo;audace de relier Paris \u00e0 Edimbourg et Lisbonne, mais qui a choisi Paris comme point de jonction, l&rsquo;une des villes les moins adapt\u00e9es, le r\u00e9seau de lignes pr\u00e9sent\u00e9 par Nox fait preuve de r\u00e9alisme (mais aussi de peu de surprise). Environ deux tiers des 30 lignes propos\u00e9es sont d\u00e9j\u00e0 desservies par des trains de nuit. Les autres lignes r\u00e9ellement nouvelles ne sont pas non plus inconnues et ont d\u00e9j\u00e0 \u00e9t\u00e9 \u00e9tudi\u00e9es par d&rsquo;autres pour leur faisabilit\u00e9. En ce qui concerne la longueur des trajets, Nox reste en dessous de 1200 km et proche du temps de trajet optimal de 12h. Cela est \u00e9galement recommand\u00e9 pour \u00e9viter que le personnel ne travaille en plusieurs \u00e9quipes.<\/p>\n\n\n\n<p>Ce qui est surprenant, c&rsquo;est que Nox veut travailler de mani\u00e8re autonome, mais que sur la moiti\u00e9 des trajets, elle entrerait en concurrence avec des op\u00e9rateurs de trains de nuit \u00e9tablis qui re\u00e7oivent actuellement des subventions de l&rsquo;Etat pour pouvoir offrir des prix comp\u00e9titifs. Dans le cas de la France, ces subventions couvrent en moyenne environ 50% des co\u00fbts. Les prix des billets en Italie et en France sont \u00e9galement bien inf\u00e9rieurs aux marges calcul\u00e9es par Zeit Online pour l&rsquo;Allemagne. On peut douter qu&rsquo;un autre fournisseur ait besoin d&rsquo;autant de subventions que la SNCF. Mais on peut tout aussi bien douter que Nox puisse aller jusqu&rsquo;\u00e0 Lecce, Lule\u00e5 ou Reggio di Calabria dans des conditions d&rsquo;acc\u00e8s ouvert, c&rsquo;est-\u00e0-dire sans aucune subvention. <\/p>\n\n\n\n<h3 class=\"wp-block-heading\"><strong>Cela peut-il fonctionner ? <\/strong><\/h3>\n\n\n\n<p>En renon\u00e7ant aux options de restauration, au self-check-in et \u00e0 la r\u00e9duction drastique du personnel de service, comme c&rsquo;est d\u00e9j\u00e0 le cas en Scandinavie, il est possible, selon <a href=\"https:\/\/bmdv.bund.de\/SharedDocs\/DE\/Publikationen\/E\/studie-bilanz-nachtzugverkehre.html\">les calculs de Ramb\u00f8ll<\/a>, de r\u00e9aliser jusqu&rsquo;\u00e0 7% d&rsquo;\u00e9conomies. 2% de plus si le personnel est embauch\u00e9 en Hongrie par exemple. Avec environ 10% d&rsquo;\u00e9conomies sur les frais de personnel, on pourrait d\u00e9j\u00e0 compenser le d\u00e9savantage de co\u00fbt de 10 \u00e0 15% de rendement d&rsquo;espace en moins. Ce qui fonctionne en Scandinavie ne peut pas toujours \u00eatre transpos\u00e9 sur le continent. En outre, le concept est plus attrayant que la plupart des v\u00e9hicules actuels. <\/p>\n\n\n\n<p><a href=\"https:\/\/www.berliner-zeitung.de\/mensch-metropole\/neue-nachtzuege-fuer-berlin-fuer-nur-79-euro-im-privaten-abteil-durch-europa-reisen-li.2330574\">Selon le Berliner Zeitung<\/a>, les op\u00e9rateurs veulent r\u00e9aliser des \u00e9conomies suppl\u00e9mentaires en renon\u00e7ant \u00e0 tout concept d&rsquo;aile. Il s&rsquo;agit de trains compos\u00e9s de plusieurs parties qui desservent diff\u00e9rents itin\u00e9raires et qui sont coupl\u00e9s la nuit. Le couplage n\u00e9cessite du personnel suppl\u00e9mentaire et, le cas \u00e9ch\u00e9ant, des locomotives suppl\u00e9mentaires. Cependant, les \u00d6BB renonceraient aussi volontiers aux concepts d&rsquo;ailes si le potentiel de passagers remplissait un train entier ou si l&rsquo;espace de stationnement \u00e0 Paris \u00e9tait disponible pour deux trains entiers. <\/p>\n\n\n\n<p>Nox veut r\u00e9aliser de plus grandes \u00e9conomies en standardisant le mat\u00e9riel roulant. Mais cela ne prendra effet qu&rsquo;avec une commande importante de nouveaux v\u00e9hicules, qui pourront alors \u00eatre amortis sur 32 ans au lieu de seulement 10. Nox doit d&rsquo;abord prouver que le concept de cabine se vend avec des voitures d&rsquo;occasion transform\u00e9es. Et d&rsquo;ici l\u00e0, personne d&rsquo;autre ne doit avoir r\u00e9ussi \u00e0 r\u00e9aliser plus de confort pour plus de 40 personnes par wagon. <\/p>\n\n\n\n<h3 class=\"wp-block-heading\"><strong>Conclusion : <\/strong><\/h3>\n\n\n\n<p>Le concept de cabine Nox est en tout cas une alternative int\u00e9ressante \u00e0 l&rsquo;agencement du nouveau Nightjet, il montre qu&rsquo;il est possible d&rsquo;obtenir plus d&rsquo;intimit\u00e9 sans renoncer \u00e0 une place assise. Mais le concept ne renverse pas encore la tendance vers plus de confort et moins de places. M\u00eame un train de nuit Nox ne transportera que 500 passagers \u00e0 pleine longueur, moins de la moiti\u00e9 d&rsquo;un TGV-M. Cela ne facilite pas la discussion lors de la priorisation des sillons pour les trains de nuit. La meilleure fa\u00e7on d&rsquo;am\u00e9liorer l&rsquo;\u00e9conomie du train de nuit en tant qu&rsquo;op\u00e9rateur est donc de (re)combler un peu cet \u00e9cart qui se creuse de plus en plus. Pour le reste, Nox en Allemagne a surtout besoin d&rsquo;un meilleur cadre politique, y compris une p\u00e9age ferroviaire sp\u00e9cifiques aux trains de nuit au niveau des co\u00fbts marginaux (comme le recommande la Commission europ\u00e9enne) et le m\u00eame traitement fiscal pour les vols et les trains en mati\u00e8re de TVA sur les billets internationaux. Et au niveau europ\u00e9en, des garanties de l&rsquo;UE pour r\u00e9duire les charges d&rsquo;int\u00e9r\u00eats lors de nouvelles acquisitions ainsi que la d\u00e9finition d&rsquo;une norme technique permettant aux trains de nuit tract\u00e9s par des locomotives de circuler \u00e0 nouveau partout o\u00f9 se trouvent des voies standard seraient <a href=\"https:\/\/www.theguardian.com\/commentisfree\/2025\/jun\/11\/europe-was-promised-a-new-golden-age-of-the-night-train-why-are-we-still-waiting\">effectivement d&rsquo;une grande aide<\/a>.<\/p>\n\n\n\n<p><\/p>\n\n\n\n<p><\/p>\n","protected":false},"excerpt":{"rendered":"<p>A premi\u00e8re vue, le concept de train de nuit pr\u00e9sent\u00e9 le 10 juin 2025 par le duo de fondateurs franco-allemands avec la marque \u00ab\u00a0Nox\u00a0\u00bb (\u00ab\u00a0nuit\u00a0\u00bb en latin) rappelle la startup Midnight Trains qui a cess\u00e9 son activit\u00e9 en 2024. Une carte avec le futur r\u00e9seau de lignes doit sugg\u00e9rer des ambitions, en fait on d\u00e9marre&hellip;&nbsp;<a href=\"https:\/\/back-on-track.eu\/fr\/les-trains-de-nuit-nox-plus-quun-nouveau-concept-de-cabine\/\" rel=\"bookmark\">Read More &raquo;<span class=\"screen-reader-text\">Les trains de nuit Nox : Plus qu&rsquo;un nouveau concept de cabine.<\/span><\/a><\/p>\n","protected":false},"author":10,"featured_media":34181,"comment_status":"closed","ping_status":"open","sticky":false,"template":"","format":"standard","meta":{"_acf_changed":false,"inline_featured_image":false,"neve_meta_sidebar":"","neve_meta_container":"","neve_meta_enable_content_width":"","neve_meta_content_width":0,"neve_meta_title_alignment":"","neve_meta_author_avatar":"","neve_post_elements_order":"","neve_meta_disable_header":"","neve_meta_disable_footer":"","neve_meta_disable_title":"","neve_meta_reading_time":"","_themeisle_gutenberg_block_has_review":false,"_ti_tpc_template_sync":false,"_ti_tpc_template_id":"","footnotes":""},"categories":[31,102],"tags":[],"class_list":["post-34206","post","type-post","status-publish","format-standard","has-post-thumbnail","hentry","category-actualites","category-rolling-stock-fr"],"acf":[],"_links":{"self":[{"href":"https:\/\/back-on-track.eu\/fr\/wp-json\/wp\/v2\/posts\/34206","targetHints":{"allow":["GET"]}}],"collection":[{"href":"https:\/\/back-on-track.eu\/fr\/wp-json\/wp\/v2\/posts"}],"about":[{"href":"https:\/\/back-on-track.eu\/fr\/wp-json\/wp\/v2\/types\/post"}],"author":[{"embeddable":true,"href":"https:\/\/back-on-track.eu\/fr\/wp-json\/wp\/v2\/users\/10"}],"replies":[{"embeddable":true,"href":"https:\/\/back-on-track.eu\/fr\/wp-json\/wp\/v2\/comments?post=34206"}],"version-history":[{"count":6,"href":"https:\/\/back-on-track.eu\/fr\/wp-json\/wp\/v2\/posts\/34206\/revisions"}],"predecessor-version":[{"id":34590,"href":"https:\/\/back-on-track.eu\/fr\/wp-json\/wp\/v2\/posts\/34206\/revisions\/34590"}],"wp:featuredmedia":[{"embeddable":true,"href":"https:\/\/back-on-track.eu\/fr\/wp-json\/wp\/v2\/media\/34181"}],"wp:attachment":[{"href":"https:\/\/back-on-track.eu\/fr\/wp-json\/wp\/v2\/media?parent=34206"}],"wp:term":[{"taxonomy":"category","embeddable":true,"href":"https:\/\/back-on-track.eu\/fr\/wp-json\/wp\/v2\/categories?post=34206"},{"taxonomy":"post_tag","embeddable":true,"href":"https:\/\/back-on-track.eu\/fr\/wp-json\/wp\/v2\/tags?post=34206"}],"curies":[{"name":"wp","href":"https:\/\/api.w.org\/{rel}","templated":true}]}}