{"id":36626,"date":"2025-10-06T17:07:09","date_gmt":"2025-10-06T15:07:09","guid":{"rendered":"https:\/\/back-on-track.eu\/?p=36626"},"modified":"2025-10-06T17:07:12","modified_gmt":"2025-10-06T15:07:12","slug":"ce-vendredi-3-octobre-paris-veut-rester-unie-a-lallemagne","status":"publish","type":"post","link":"https:\/\/back-on-track.eu\/fr\/ce-vendredi-3-octobre-paris-veut-rester-unie-a-lallemagne\/","title":{"rendered":"Ce vendredi 3 octobre, Paris veut rester unie \u00e0 l&rsquo;Allemagne"},"content":{"rendered":"\n<p>La menace de suppression des trains de nuit entre la capitale fran\u00e7aise, l&rsquo;Allemagne et l&rsquo;Autriche suscite de nombreuses r\u00e9actions. Alors qu\u2019une<a href=\"https:\/\/agir.greenvoice.fr\/p\/berlin\" target=\"_blank\" rel=\"noreferrer noopener\"> <strong>p\u00e9tition ayant d\u00e9j\u00e0 r\u00e9colt\u00e9 plus de 60.000 signatures<\/strong><\/a>, une petite centaine de citoyens et d&rsquo;\u00e9lus se sont r\u00e9unis ce vendredi 3 octobre devant la gare de l&rsquo;Est \u00e0 Paris. Au son des violoncelles, les manifestants demandent un <strong>renforcement de ce lien franco-allemand<\/strong>.<\/p>\n\n\n\n<p>Parmi elles, des sympathisants et responsables politiques dont <strong>Karima Delli<\/strong>, ancienne pr\u00e9sidente de la commission transports au Parlement europ\u00e9en. Elle d\u00e9plore : <em>\u201con est en train de <\/em><strong><em>reculer par rapport \u00e0 la dynamique europ\u00e9enne<\/em><\/strong><em>, en Europe tout le monde est en train de d\u00e9velopper des trains de nuit. Les pouvoirs publics doivent comprendre que le train de nuit n\u2019est <\/em><strong><em>pas un march\u00e9 de niche<\/em><\/strong><em>, c\u2019est une v\u00e9ritable alternative\u201d<\/em>.<\/p>\n\n\n\n<p>Les manifestants demandent le maintien et le renforcement des liaisons nocturnes Paris-Berlin et Paris-Vienne via Munich. Le collectif \u00ab Oui au train de nuit \u00bb rappelle que ces deux trains \u00e9taient cens\u00e9s <strong>circuler tous les jours<\/strong>, et non pas trois fois par semaine. Pour le collectif, une circulation quotidienne am\u00e9liorera l&rsquo;\u00e9quilibre financier tout en b\u00e9n\u00e9ficiant \u00e0 l&rsquo;image des op\u00e9rateurs, en France comme en Allemagne mais aussi en Europe.<\/p>\n\n\n\n<p>L&rsquo;occasion de r\u00e9affirmer l&rsquo;importance du <strong>couple franco-allemand dans l&rsquo;Europe du rail<\/strong> : une locomotive qui patine, au lieu de porter une politique permettant de faciliter la libre circulation des peuples de fa\u00e7on vertueuse.<\/p>\n\n\n\n<p><strong>David Belliard<\/strong>, adjoint \u00e0 la mairie de Paris en charge des transports et candidat \u00e9cologiste aux \u00e9lections municipales qui se d\u00e9rouleront l&rsquo;an prochain dans la capitale fran\u00e7aise, \u00e9tait \u00e9galement pr\u00e9sent. Il explique que \u00ab\u00a0le train de nuit doit \u00eatre <strong>une alternative massive \u00e0 l&rsquo;avion<\/strong> : c&rsquo;est un mode de transport confortable et qui peut devenir <strong>accessible<\/strong>. C&rsquo;est une question de <strong>choix politique<\/strong>.\u201d<\/p>\n\n\n\n<p>Le d\u00e9put\u00e9 d\u00e9mocrate <strong>Fr\u00e9d\u00e9ric Petit<\/strong>, qui repr\u00e9sente les Fran\u00e7ais vivant en Allemagne, Autriche et Europe centrale, appelle le gouvernement \u201c\u00e0 <strong>maintenir le soutien public<\/strong> au lancement de ces lignes ferroviaires et surtout au d\u00e9ploiement d\u2019offres de service nouvelles, d\u00e9senclav\u00e9es, et adapt\u00e9es, dot\u00e9es d\u2019une commercialisation dynamique et ad\u00e9quate.\u201d<\/p>\n\n\n\n<p>Ils ont dit :<\/p>\n\n\n\n<ul class=\"wp-block-list\">\n<li><strong>David Belliard :<\/strong> <em>\u201cParis doit dire Oui au train de nuit, parce que le train de nuit \u00e7a doit \u00eatre une alternative massive \u00e0 l\u2019avion\u201d<\/em><\/li>\n\n\n\n<li><strong>Fr\u00e9d\u00e9ric Hocquard :<\/strong> <em>\u201cSi on veut pouvoir remplacer l\u2019avion pour voyager en Europe, il faut d\u2019autres offres de transport, et en particulier le train de nuit.\u201d<\/em> ;<\/li>\n<\/ul>\n\n\n\n<p><em>\u201cLe train de nuit, \u00e7a invente un autre type de tourisme, le slow tourisme.\u201d<\/em><\/p>\n\n\n\n<ul class=\"wp-block-list\">\n<li><strong>Karima Delli : <\/strong><em>\u201cLes citoyens europ\u00e9ens comme les citoyens fran\u00e7ais veulent des trains de nuit, maintenant c\u2019est une question de choix politique. Demain il nous faudra aussi des Paris-Barcelone, Paris-Malm\u00f6\u2026\u201d<\/em><\/li>\n<\/ul>\n\n\n\n<p>Pour que la France reste impliqu\u00e9e dans le red\u00e9ploiement des trains de nuit, \u201cOui au train de nuit\u201d appelle les citoyens d\u2019Allemagne et de toute l\u2019Europe \u00e0 signer la p\u00e9tition sur <a href=\"http:\/\/agir.greenvoice.fr\/p\/berlin\" target=\"_blank\" rel=\"noreferrer noopener\">agir.greenvoice.fr\/p\/berlin<\/a>.<\/p>\n","protected":false},"excerpt":{"rendered":"<p>La menace de suppression des trains de nuit entre la capitale fran\u00e7aise, l&rsquo;Allemagne et l&rsquo;Autriche suscite de nombreuses r\u00e9actions. Alors qu\u2019une p\u00e9tition ayant d\u00e9j\u00e0 r\u00e9colt\u00e9 plus de 60.000 signatures, une petite centaine de citoyens et d&rsquo;\u00e9lus se sont r\u00e9unis ce vendredi 3 octobre devant la gare de l&rsquo;Est \u00e0 Paris. Au son des violoncelles, les&hellip;&nbsp;<a href=\"https:\/\/back-on-track.eu\/fr\/ce-vendredi-3-octobre-paris-veut-rester-unie-a-lallemagne\/\" rel=\"bookmark\">Read More &raquo;<span class=\"screen-reader-text\">Ce vendredi 3 octobre, Paris veut rester unie \u00e0 l&rsquo;Allemagne<\/span><\/a><\/p>\n","protected":false},"author":12,"featured_media":36606,"comment_status":"closed","ping_status":"open","sticky":false,"template":"","format":"standard","meta":{"_acf_changed":false,"inline_featured_image":false,"neve_meta_sidebar":"","neve_meta_container":"","neve_meta_enable_content_width":"","neve_meta_content_width":0,"neve_meta_title_alignment":"","neve_meta_author_avatar":"","neve_post_elements_order":"","neve_meta_disable_header":"","neve_meta_disable_footer":"","neve_meta_disable_title":"","neve_meta_reading_time":"","_themeisle_gutenberg_block_has_review":false,"_ti_tpc_template_sync":false,"_ti_tpc_template_id":"","footnotes":""},"categories":[31,34,155,5],"tags":[],"class_list":["post-36626","post","type-post","status-publish","format-standard","has-post-thumbnail","hentry","category-actualites","category-communiques","category-lignes-de-trains-de-nuit","category-non-classifiee"],"acf":[],"_links":{"self":[{"href":"https:\/\/back-on-track.eu\/fr\/wp-json\/wp\/v2\/posts\/36626","targetHints":{"allow":["GET"]}}],"collection":[{"href":"https:\/\/back-on-track.eu\/fr\/wp-json\/wp\/v2\/posts"}],"about":[{"href":"https:\/\/back-on-track.eu\/fr\/wp-json\/wp\/v2\/types\/post"}],"author":[{"embeddable":true,"href":"https:\/\/back-on-track.eu\/fr\/wp-json\/wp\/v2\/users\/12"}],"replies":[{"embeddable":true,"href":"https:\/\/back-on-track.eu\/fr\/wp-json\/wp\/v2\/comments?post=36626"}],"version-history":[{"count":1,"href":"https:\/\/back-on-track.eu\/fr\/wp-json\/wp\/v2\/posts\/36626\/revisions"}],"predecessor-version":[{"id":36627,"href":"https:\/\/back-on-track.eu\/fr\/wp-json\/wp\/v2\/posts\/36626\/revisions\/36627"}],"wp:featuredmedia":[{"embeddable":true,"href":"https:\/\/back-on-track.eu\/fr\/wp-json\/wp\/v2\/media\/36606"}],"wp:attachment":[{"href":"https:\/\/back-on-track.eu\/fr\/wp-json\/wp\/v2\/media?parent=36626"}],"wp:term":[{"taxonomy":"category","embeddable":true,"href":"https:\/\/back-on-track.eu\/fr\/wp-json\/wp\/v2\/categories?post=36626"},{"taxonomy":"post_tag","embeddable":true,"href":"https:\/\/back-on-track.eu\/fr\/wp-json\/wp\/v2\/tags?post=36626"}],"curies":[{"name":"wp","href":"https:\/\/api.w.org\/{rel}","templated":true}]}}