{"id":7412,"date":"2022-09-09T12:31:29","date_gmt":"2022-09-09T10:31:29","guid":{"rendered":"https:\/\/back-on-track.eu\/?p=7412"},"modified":"2022-09-09T12:37:23","modified_gmt":"2022-09-09T10:37:23","slug":"la-presidence-tcheque-ne-veut-pas-parier-sur-le-train-de-nuit-et-le-train-vers-prague%ef%bf%bc","status":"publish","type":"post","link":"https:\/\/back-on-track.eu\/fr\/la-presidence-tcheque-ne-veut-pas-parier-sur-le-train-de-nuit-et-le-train-vers-prague%ef%bf%bc\/","title":{"rendered":"La pr\u00e9sidence tch\u00e8que ne veut pas parier sur le train de nuit. Et le train vers Prague ?"},"content":{"rendered":"\n<p><em><strong>Hier, plusieurs ministres tch\u00e8ques ont pr\u00e9sent\u00e9 aux membres du Parlement europ\u00e9en les fers de lance de la pr\u00e9sidence tch\u00e8que du Conseil de l&rsquo;Union europ\u00e9enne. Back on Track Belgium asbl, l\u2019asblqui fait campagne pour de nouveaux trains de nuit au d\u00e9part et \u00e0 destination de Bruxelles, a suivi la commission des transports et du tourisme et est rest\u00e9e sur sa faim. C&rsquo;est \u00e9trange, car tous les trains de nuit sont bond\u00e9s, la demande est clairement l\u00e0.<\/strong><\/em><\/p>\n\n\n\n<p id=\"viewer-9ldb4\"><strong>Tous les chevaux sur le train \u00e0 grande vitesse<\/strong><\/p>\n\n\n\n<p id=\"viewer-7pqkr\">Le ministre Kupka a indiqu\u00e9 aux d\u00e9put\u00e9s que la pr\u00e9sidence souhaitait s&rsquo;attaquer \u00e0 certains probl\u00e8mes ferroviaires, mais que l&rsquo;accent serait principalement mis sur les lignes \u00e0 grande vitesse et l&rsquo;aviation. Rien de nouveau sous le soleil. Le fait que l&rsquo;accent soit mis sur les lignes \u00e0 grande vitesse \u00e9tait d\u00e9j\u00e0 apparu il y a quelques semaines, lorsqu&rsquo;un TGV fran\u00e7ais avait travers\u00e9 toute l&rsquo;Europe pour se rendre \u00e0 une conf\u00e9rence ferroviaire \u00e0 Brno afin de servir de \u00ab\u00a0vitrine\u00a0\u00bb.<\/p>\n\n\n\n<p id=\"viewer-7inub\">En guise de premi\u00e8re r\u00e9action, le Roumain Marian-Jean Marinescu a indiqu\u00e9 que l&rsquo;accent ne devrait pas n\u00e9cessairement (uniquement) \u00eatre mis sur les trains \u00e0 grande vitesse et qu&rsquo;il existe d&rsquo;autres goulets d&rsquo;\u00e9tranglement qui doivent \u00eatre r\u00e9solus. Une lueur d&rsquo;espoir.<\/p>\n\n\n\n<p id=\"viewer-92gmu\"><strong>Aucun enthousiasme pour faire quoi que ce soit pour le train de nuit (vers Prague)<\/strong><\/p>\n\n\n\n<p id=\"viewer-e7g18\">Anna Deparnay-Grunenberg a pos\u00e9 aux ministres la question suivante : \u00ab\u00a0De quelle mani\u00e8re le train de nuit et l&rsquo;utilisation des bicyclettes feront-ils partie des actions de la Pr\u00e9sidence ? Le ministre Kupka a r\u00e9pondu laconiquement : \u00ab\u00a0C&rsquo;est une autre question importante que vous soulevez. Mais il n&rsquo;est pas possible de se concentrer sur tout. Nous nous concentrons sur la mobilit\u00e9 urbaine\u00a0\u00bb. Affaire class\u00e9e, donc.<\/p>\n\n\n\n<p id=\"viewer-80foe\">Dans le m\u00eame temps, nous constatons qu&rsquo;une consultation publique est encore ouverte jusqu&rsquo;au 21 juillet pour que la Commission europ\u00e9enne prolonge de trois ans l&rsquo;aide Covid19 aux a\u00e9roports r\u00e9gionaux (qui court d\u00e9sormais jusqu&rsquo;au d\u00e9but de 2024), sans ajustements suppl\u00e9mentaires, ni conditions, ni \u00e9tude d&rsquo;impact. La Commission europ\u00e9enne pr\u00e9tend vouloir cr\u00e9er des conditions de concurrence \u00e9quitables entre les diff\u00e9rents modes de transport, mais dans la pratique, elle continue \u00e0 soutenir principalement le secteur a\u00e9rien, tandis que les voyageurs internationaux en train, surtout la nuit, sont laiss\u00e9s \u00e0 eux-m\u00eames. Il est de plus en plus \u00e9vident que l&rsquo;Ann\u00e9e europ\u00e9enne du rail\u00a0\u00bb n&rsquo;\u00e9tait qu&rsquo;un coup de pub, un \u00e9coblanchiment de la plus pure esp\u00e8ce.<\/p>\n\n\n\n<p id=\"viewer-5drvu\"><strong>Saper compl\u00e8tement les nouvelles initiatives<\/strong><\/p>\n\n\n\n<p id=\"viewer-99fua\">Apr\u00e8s quelques nouveaux trains de nuit, uniquement en intra-France et pendant la haute saison, voil\u00e0 qui vient \u00e0 nouveau saper l&rsquo;optimisme de quelques nouveaux op\u00e9rateurs de trains de nuit qui, l&rsquo;ann\u00e9e derni\u00e8re, avaient annonc\u00e9 avec beaucoup d&rsquo;optimisme leur intention d&rsquo;exploiter des services en direction de l&rsquo;est, de et vers Bruxelles. Pourtant, en d\u00e9cembre 2020, c&rsquo;est le conseil municipal de la capitale tch\u00e8que, Prague, qui a voulu payer des trains de nuit directs vers Bruxelles au lieu d&rsquo;agrandir l&rsquo;a\u00e9roport. Il est compr\u00e9hensible que la R\u00e9publique tch\u00e8que veuille \u00e9galement \u00eatre connect\u00e9e au r\u00e9seau \u00e0 grande vitesse, mais le fait de dire qu&rsquo;il ne sera pas question de trains de nuit pendant au moins 6 mois est hallucinant \u00e0 un moment o\u00f9 tous les trains de nuit sont pleins et o\u00f9 les billets se vendent rapidement.<\/p>\n\n\n\n<p id=\"viewer-bqjn6\"><strong>Pas logique maintenant que tous les trains de nuit sont pleins<\/strong><\/p>\n\n\n\n<p id=\"viewer-afbfl\">\u00ab\u00a0Nous continuerons certainement \u00e0 expliquer l&rsquo;importance du train de nuit et les avantages \u00e9conomiques, \u00e9cologiques et de contact social. Un arr\u00eat de 6 mois serait une catastrophe et ne correspondrait pas \u00e0 la demande de trains de nuit plus nombreux et plus confortables au d\u00e9part et \u00e0 destination de Bruxelles ! conclut Gomme.<\/p>\n","protected":false},"excerpt":{"rendered":"<p>Hier, plusieurs ministres tch\u00e8ques ont pr\u00e9sent\u00e9 aux membres du Parlement europ\u00e9en les fers de lance de la pr\u00e9sidence tch\u00e8que du Conseil de l&rsquo;Union europ\u00e9enne. Back on Track Belgium asbl, l\u2019asblqui fait campagne pour de nouveaux trains de nuit au d\u00e9part et \u00e0 destination de Bruxelles, a suivi la commission des transports et du tourisme et&hellip;&nbsp;<a href=\"https:\/\/back-on-track.eu\/fr\/la-presidence-tcheque-ne-veut-pas-parier-sur-le-train-de-nuit-et-le-train-vers-prague%ef%bf%bc\/\" rel=\"bookmark\">Read More &raquo;<span class=\"screen-reader-text\">La pr\u00e9sidence tch\u00e8que ne veut pas parier sur le train de nuit. Et le train vers Prague ?<\/span><\/a><\/p>\n","protected":false},"author":10,"featured_media":7410,"comment_status":"open","ping_status":"open","sticky":false,"template":"","format":"standard","meta":{"_acf_changed":false,"inline_featured_image":false,"neve_meta_sidebar":"","neve_meta_container":"","neve_meta_enable_content_width":"","neve_meta_content_width":0,"neve_meta_title_alignment":"","neve_meta_author_avatar":"","neve_post_elements_order":"","neve_meta_disable_header":"","neve_meta_disable_footer":"","neve_meta_disable_title":"","neve_meta_reading_time":"","_themeisle_gutenberg_block_has_review":false,"_ti_tpc_template_sync":false,"_ti_tpc_template_id":"","footnotes":""},"categories":[31,34,57],"tags":[],"class_list":["post-7412","post","type-post","status-publish","format-standard","has-post-thumbnail","hentry","category-actualites","category-communiques","category-communiques-be"],"acf":[],"_links":{"self":[{"href":"https:\/\/back-on-track.eu\/fr\/wp-json\/wp\/v2\/posts\/7412","targetHints":{"allow":["GET"]}}],"collection":[{"href":"https:\/\/back-on-track.eu\/fr\/wp-json\/wp\/v2\/posts"}],"about":[{"href":"https:\/\/back-on-track.eu\/fr\/wp-json\/wp\/v2\/types\/post"}],"author":[{"embeddable":true,"href":"https:\/\/back-on-track.eu\/fr\/wp-json\/wp\/v2\/users\/10"}],"replies":[{"embeddable":true,"href":"https:\/\/back-on-track.eu\/fr\/wp-json\/wp\/v2\/comments?post=7412"}],"version-history":[{"count":2,"href":"https:\/\/back-on-track.eu\/fr\/wp-json\/wp\/v2\/posts\/7412\/revisions"}],"predecessor-version":[{"id":7415,"href":"https:\/\/back-on-track.eu\/fr\/wp-json\/wp\/v2\/posts\/7412\/revisions\/7415"}],"wp:featuredmedia":[{"embeddable":true,"href":"https:\/\/back-on-track.eu\/fr\/wp-json\/wp\/v2\/media\/7410"}],"wp:attachment":[{"href":"https:\/\/back-on-track.eu\/fr\/wp-json\/wp\/v2\/media?parent=7412"}],"wp:term":[{"taxonomy":"category","embeddable":true,"href":"https:\/\/back-on-track.eu\/fr\/wp-json\/wp\/v2\/categories?post=7412"},{"taxonomy":"post_tag","embeddable":true,"href":"https:\/\/back-on-track.eu\/fr\/wp-json\/wp\/v2\/tags?post=7412"}],"curies":[{"name":"wp","href":"https:\/\/api.w.org\/{rel}","templated":true}]}}