{"id":18708,"date":"2024-07-14T12:04:05","date_gmt":"2024-07-14T10:04:05","guid":{"rendered":"https:\/\/back-on-track.eu\/?p=18708"},"modified":"2024-07-14T17:30:19","modified_gmt":"2024-07-14T15:30:19","slug":"nightjet-community-im-dialog-mit-der-oebb-ein-treffen-in-der-open-innovation-factory-in-wien","status":"publish","type":"post","link":"https:\/\/back-on-track.eu\/it\/nightjet-community-im-dialog-mit-der-oebb-ein-treffen-in-der-open-innovation-factory-in-wien\/","title":{"rendered":"La comunit\u00e0 Nightjet in dialogo con \u00d6BB &#8211; Un incontro alla Open Innovation Factory di Vienna"},"content":{"rendered":"\n<p><em>Back-on-Track Belgio, Germania e Svizzera, foto: \u00d6BB \/ Lukas Bezila<\/em><\/p>\n\n\n\n<p>Il Nightjet gestito dalle Ferrovie Federali Austriache (\u00d6BB) \u00e8 oggetto di continue discussioni, anche sui social media. Si \u00e8 formata una comunit\u00e0 molto impegnata che non solo mostra grande interesse per il prodotto Nightjet, ma esprime anche le proprie opinioni critiche. Il 25 giugno, alcuni membri di questa comunit\u00e0 sono stati invitati da \u00d6BB alla Open Innovation Factory di Vienna. Tra i partecipanti c&#8217;erano anche membri di Back-on-Track Belgio (Alexander Gomme e altro), Germania (Patrick Neumann e David Prenninger) e Svizzera (Sibylle Trenck-Germann).<\/p>\n\n\n\n<p><\/p>\n\n\n\n<h2 class=\"wp-block-heading has-medium-font-size\"><strong>Obiettivo dell&#8217;incontro: dialogo e feedback<\/strong><\/h2>\n\n\n\n<p>\u00d6BB desidera avviare un dialogo aperto con la comunit\u00e0 Nightjet e ascoltare i loro pensieri e suggerimenti. Kurt Bauer, responsabile del trasporto a lunga percorrenza di \u00d6BB, ha aperto l&#8217;incontro con un&#8217;introduzione alla storia del Nightjet. L&#8217;acquisizione del business dei treni notturni da Deutsche Bahn (DB) da parte di \u00d6BB nel 2015 in soli 14 mesi \u00e8 stata un&#8217;impresa impressionante.<\/p>\n\n\n\n<p>Bauer ha sottolineato in particolare l&#8217;impegno dei dipendenti di \u00d6BB e delle Ferrovie Federali Svizzere (FFS), senza i quali questo successo non sarebbe stato possibile. La moglie di un dipendente delle \u00d6BB ha persino cucito lei stessa i cuscini per il lancio del Nightjet, per non deludere i clienti alla prima.<\/p>\n\n\n\n<p>Le Ferrovie Federali Svizzere hanno assunto il rischio economico per la parte svizzera delle tratte, mentre le Ferrovie Federali Austriache hanno assunto la loro parte. Questo dimostra che la segmentazione del rischio \u00e8, o pu\u00f2 essere, un acceleratore della cooperazione tra le ferrovie.<\/p>\n\n\n\n<p><\/p>\n\n\n\n<h2 class=\"wp-block-heading has-medium-font-size\"><strong>Sviluppi e sfide attuali<\/strong><\/h2>\n\n\n\n<p>La comunit\u00e0 \u00e8 stata informata sugli sviluppi attuali e sui piani futuri del Nightjet. Sono stati discussi apertamente anche gli attuali problemi di qualit\u00e0, che rappresentano una sfida per \u00d6BB: Ad esempio, le tratte Vienna-Parigi, Berlino-Parigi e Berlino-Bruxelles saranno sospese dal 12 agosto al 25 ottobre 2024 a causa di ingenti lavori di costruzione. <\/p>\n\n\n\n<p>Anche i collegamenti Monaco &#8211; Roma e Vienna &#8211; Roma saranno cancellati per diversi mesi. A causa della chiusura di una rotta in Italia, questi Nightjet non potranno purtroppo operare dall&#8217;8 giugno al 9 settembre 2024 e saranno quindi cancellati lungo l&#8217;intera rotta in quanto non sono disponibili percorsi alternativi. A partire dal 10 settembre 2024, sulla rotta operer\u00e0 il Nightjet di nuova generazione, pi\u00f9 confortevole per i passeggeri. I Nightjet da Monaco di Baviera via Milano a La Spezia e da Stoccarda via Monaco di Baviera a Venezia non sono interessati dalla chiusura della rotta e continueranno a operare verso l&#8217;Italia.<\/p>\n\n\n\n<p>In futuro, \u00d6BB vorrebbe concentrarsi sulla stabilit\u00e0 e sul miglioramento della qualit\u00e0 dei prodotti e dei servizi e aumentare la capacit\u00e0 sulle rotte esistenti.<\/p>\n\n\n\n<p><\/p>\n\n\n\n<h2 class=\"wp-block-heading has-medium-font-size\"><strong>Workshop di idee: sviluppare soluzioni insieme<\/strong><\/h2>\n\n\n\n<p>Insieme ai dipendenti di \u00d6BB del dipartimento di innovazione e della gestione dei prodotti, i partecipanti hanno preso parte a un workshop di ideazione. In tre gruppi, hanno raccolto e discusso i feedback della comunit\u00e0 sulla qualit\u00e0 del prodotto e del servizio del Nightjet. Sono stati affrontati molti problemi attuali: Cosa non va? Perch\u00e9? Come vuoi tenere sotto controllo questi problemi? Quali decisioni sono state prese e perch\u00e9?<\/p>\n\n\n\n<figure class=\"wp-block-image size-large\"><a href=\"https:\/\/back-on-track.eu\/wp-content\/uploads\/2024\/07\/Nightjet-Community_03.jpg\"><img loading=\"lazy\" decoding=\"async\" width=\"1024\" height=\"682\" src=\"https:\/\/back-on-track.eu\/wp-content\/uploads\/2024\/07\/Nightjet-Community_03-1024x682.jpg\" alt=\"\" class=\"wp-image-18660\" srcset=\"https:\/\/back-on-track.eu\/wp-content\/uploads\/2024\/07\/Nightjet-Community_03-1024x682.jpg 1024w, https:\/\/back-on-track.eu\/wp-content\/uploads\/2024\/07\/Nightjet-Community_03-300x200.jpg 300w, https:\/\/back-on-track.eu\/wp-content\/uploads\/2024\/07\/Nightjet-Community_03-768x512.jpg 768w, https:\/\/back-on-track.eu\/wp-content\/uploads\/2024\/07\/Nightjet-Community_03-1536x1024.jpg 1536w, https:\/\/back-on-track.eu\/wp-content\/uploads\/2024\/07\/Nightjet-Community_03-930x620.jpg 930w, https:\/\/back-on-track.eu\/wp-content\/uploads\/2024\/07\/Nightjet-Community_03.jpg 2000w\" sizes=\"auto, (max-width: 1024px) 100vw, 1024px\" \/><\/a><\/figure>\n\n\n\n<p><em>La comunit\u00e0 Nightjet e i dipendenti \u00d6BB, foto: \u00d6BB \/ Lukas Bezila<\/em><\/p>\n\n\n\n<h2 class=\"wp-block-heading has-medium-font-size\">Attualmente l&#8217;attenzione si concentra sulle seguenti sfide:<\/h2>\n\n\n\n<ul class=\"wp-block-list\">\n<li>Cancellazioni di carrozze letto e cuccette a causa di interventi di riparazione<\/li>\n\n\n\n<li>Ritardi e cancellazioni a causa di lavori stradali e divieti di manovra<\/li>\n\n\n\n<li>Mancanza di officine nelle rispettive destinazioni per riparare i difetti<\/li>\n\n\n\n<li>Ritardi nella consegna dei nuovi Nightjet<\/li>\n\n\n\n<li>Regolamenti nel trasporto ferroviario internazionale<\/li>\n\n\n\n<li>Problemi con le informazioni in tempo reale ai clienti<\/li>\n\n\n\n<li>Carenze nella disponibilit\u00e0 del personale di servizio nei confronti dei clienti<\/li>\n\n\n\n<li>Mancanza di infrastrutture come l&#8217;elettricit\u00e0 e le acque reflue in alcune destinazioni europee<\/li>\n\n\n\n<li>Espansione della rete in collaborazione con le ferrovie partner<\/li>\n<\/ul>\n\n\n\n<p><\/p>\n\n\n\n<h2 class=\"wp-block-heading has-medium-font-size\"><strong>Influenze politiche e cooperazione internazionale<\/strong><\/h2>\n\n\n\n<p>Gli sviluppi politici internazionali continuano ad avere un&#8217;influenza importante sulle decisioni del sistema ferroviario, compreso il Nightjet. \u00d6BB sosterrebbe le FFS con i Nightjet sulla tratta Zurigo &#8211; Barcellona. La Svizzera, che attualmente \u00e8 frenata dagli interessi politici e dalle decisioni sui treni notturni, dovrebbe fare da apripista.<\/p>\n\n\n\n<p><\/p>\n\n\n\n<h2 class=\"wp-block-heading has-medium-font-size\"><strong>Conclusioni e follow-up<\/strong><\/h2>\n\n\n\n<p>Invitando la comunit\u00e0 alla Open Innovation Factory, \u00d6BB ha dimostrato la sua volont\u00e0 di ascoltare e sviluppare soluzioni insieme. Lo scambio \u00e8 stato un passo importante per migliorare ulteriormente la qualit\u00e0 del Nightjet e per tenere in considerazione i desideri e le esigenze dei viaggiatori. \u00d6BB vorrebbe organizzare regolarmente il Nightjet Community Meetup per raccogliere continuamente i feedback della comunit\u00e0.<\/p>\n\n\n\n<p>I membri di Back-on-Track sono cordialmente invitati a condividere il loro feedback nei rispettivi gruppi.<\/p>\n\n\n\n<div class=\"wp-block-group is-nowrap is-layout-flex wp-container-core-group-is-layout-ad2f72ca wp-block-group-is-layout-flex\">\n<figure class=\"wp-block-gallery has-nested-images columns-default is-cropped wp-block-gallery-1 is-layout-flex wp-block-gallery-is-layout-flex\">\n<figure class=\"wp-block-image size-large\"><a href=\"https:\/\/back-on-track.eu\/wp-content\/uploads\/2024\/07\/Nightjet-Community_01.jpg\"><img loading=\"lazy\" decoding=\"async\" width=\"1024\" height=\"682\" data-id=\"18681\" src=\"https:\/\/back-on-track.eu\/wp-content\/uploads\/2024\/07\/Nightjet-Community_01-1024x682.jpg\" alt=\"\" class=\"wp-image-18681\" srcset=\"https:\/\/back-on-track.eu\/wp-content\/uploads\/2024\/07\/Nightjet-Community_01-1024x682.jpg 1024w, https:\/\/back-on-track.eu\/wp-content\/uploads\/2024\/07\/Nightjet-Community_01-300x200.jpg 300w, https:\/\/back-on-track.eu\/wp-content\/uploads\/2024\/07\/Nightjet-Community_01-768x512.jpg 768w, https:\/\/back-on-track.eu\/wp-content\/uploads\/2024\/07\/Nightjet-Community_01-1536x1024.jpg 1536w, https:\/\/back-on-track.eu\/wp-content\/uploads\/2024\/07\/Nightjet-Community_01-930x620.jpg 930w, https:\/\/back-on-track.eu\/wp-content\/uploads\/2024\/07\/Nightjet-Community_01.jpg 2000w\" sizes=\"auto, (max-width: 1024px) 100vw, 1024px\" \/><\/a><\/figure>\n\n\n\n<figure class=\"wp-block-image size-large\"><a href=\"https:\/\/back-on-track.eu\/wp-content\/uploads\/2024\/07\/Nightjet-Community_04-1.jpg\"><img loading=\"lazy\" decoding=\"async\" width=\"1024\" height=\"682\" data-id=\"18674\" src=\"https:\/\/back-on-track.eu\/wp-content\/uploads\/2024\/07\/Nightjet-Community_04-1-1024x682.jpg\" alt=\"\" class=\"wp-image-18674\" srcset=\"https:\/\/back-on-track.eu\/wp-content\/uploads\/2024\/07\/Nightjet-Community_04-1-1024x682.jpg 1024w, https:\/\/back-on-track.eu\/wp-content\/uploads\/2024\/07\/Nightjet-Community_04-1-300x200.jpg 300w, https:\/\/back-on-track.eu\/wp-content\/uploads\/2024\/07\/Nightjet-Community_04-1-768x512.jpg 768w, https:\/\/back-on-track.eu\/wp-content\/uploads\/2024\/07\/Nightjet-Community_04-1-1536x1024.jpg 1536w, https:\/\/back-on-track.eu\/wp-content\/uploads\/2024\/07\/Nightjet-Community_04-1-930x620.jpg 930w, https:\/\/back-on-track.eu\/wp-content\/uploads\/2024\/07\/Nightjet-Community_04-1.jpg 2000w\" sizes=\"auto, (max-width: 1024px) 100vw, 1024px\" \/><\/a><\/figure>\n<\/figure>\n<\/div>\n\n\n\n<p><\/p>\n\n\n\n<p><em>Impressioni del Nightjet Community Meetup, foto: \u00d6BB \/ Lukas Bezila<\/em><\/p>\n","protected":false},"excerpt":{"rendered":"<p>Back-on-Track Belgio, Germania e Svizzera, foto: \u00d6BB \/ Lukas Bezila Il Nightjet gestito dalle Ferrovie Federali Austriache (\u00d6BB) \u00e8 oggetto di continue discussioni, anche sui social media. Si \u00e8 formata una comunit\u00e0 molto impegnata che non solo mostra grande interesse per il prodotto Nightjet, ma esprime anche le proprie opinioni critiche. Il 25 giugno, alcuni&hellip;&nbsp;<a href=\"https:\/\/back-on-track.eu\/it\/nightjet-community-im-dialog-mit-der-oebb-ein-treffen-in-der-open-innovation-factory-in-wien\/\" rel=\"bookmark\">Read More &raquo;<span class=\"screen-reader-text\">La comunit\u00e0 Nightjet in dialogo con \u00d6BB &#8211; Un incontro alla Open Innovation Factory di Vienna<\/span><\/a><\/p>\n","protected":false},"author":14,"featured_media":18700,"comment_status":"open","ping_status":"open","sticky":false,"template":"","format":"standard","meta":{"_acf_changed":false,"inline_featured_image":false,"neve_meta_sidebar":"","neve_meta_container":"","neve_meta_enable_content_width":"","neve_meta_content_width":0,"neve_meta_title_alignment":"","neve_meta_author_avatar":"","neve_post_elements_order":"","neve_meta_disable_header":"","neve_meta_disable_footer":"","neve_meta_disable_title":"","neve_meta_reading_time":"","_themeisle_gutenberg_block_has_review":false,"_ti_tpc_template_sync":false,"_ti_tpc_template_id":"","footnotes":""},"categories":[67,72],"tags":[139,140,141],"class_list":["post-18708","post","type-post","status-publish","format-standard","has-post-thumbnail","hentry","category-non-categorizzato","category-notizie","tag-community-it","tag-nightjet-2-it","tag-oebb-it"],"acf":[],"_links":{"self":[{"href":"https:\/\/back-on-track.eu\/it\/wp-json\/wp\/v2\/posts\/18708","targetHints":{"allow":["GET"]}}],"collection":[{"href":"https:\/\/back-on-track.eu\/it\/wp-json\/wp\/v2\/posts"}],"about":[{"href":"https:\/\/back-on-track.eu\/it\/wp-json\/wp\/v2\/types\/post"}],"author":[{"embeddable":true,"href":"https:\/\/back-on-track.eu\/it\/wp-json\/wp\/v2\/users\/14"}],"replies":[{"embeddable":true,"href":"https:\/\/back-on-track.eu\/it\/wp-json\/wp\/v2\/comments?post=18708"}],"version-history":[{"count":5,"href":"https:\/\/back-on-track.eu\/it\/wp-json\/wp\/v2\/posts\/18708\/revisions"}],"predecessor-version":[{"id":18825,"href":"https:\/\/back-on-track.eu\/it\/wp-json\/wp\/v2\/posts\/18708\/revisions\/18825"}],"wp:featuredmedia":[{"embeddable":true,"href":"https:\/\/back-on-track.eu\/it\/wp-json\/wp\/v2\/media\/18700"}],"wp:attachment":[{"href":"https:\/\/back-on-track.eu\/it\/wp-json\/wp\/v2\/media?parent=18708"}],"wp:term":[{"taxonomy":"category","embeddable":true,"href":"https:\/\/back-on-track.eu\/it\/wp-json\/wp\/v2\/categories?post=18708"},{"taxonomy":"post_tag","embeddable":true,"href":"https:\/\/back-on-track.eu\/it\/wp-json\/wp\/v2\/tags?post=18708"}],"curies":[{"name":"wp","href":"https:\/\/api.w.org\/{rel}","templated":true}]}}